{"id":49351,"date":"2025-03-21T09:23:24","date_gmt":"2025-03-21T12:23:24","guid":{"rendered":"https:\/\/portalnewsgta.com.br\/?p=49351"},"modified":"2025-03-21T09:43:57","modified_gmt":"2025-03-21T12:43:57","slug":"audiencia-publica-realizada-em-colider-preve-mais-seguranca-em-perimetros-urbanos","status":"publish","type":"post","link":"https:\/\/portalnewsgta.com.br\/index.php\/2025\/03\/21\/audiencia-publica-realizada-em-colider-preve-mais-seguranca-em-perimetros-urbanos\/","title":{"rendered":"Audi\u00eancia p\u00fablica realizada em Col\u00edder prev\u00ea mais seguran\u00e7a em per\u00edmetros urbanos"},"content":{"rendered":"<p>Por: Rosangela Melo\/Nort\u00e3o Online<\/p>\n<div class=\"ck-content font-weight-medium mb-4\" data-v-71457620=\"\">\n<p>Na manh\u00e3 deste dia, 20 de mar\u00e7o,\u00a0na C\u00e2mara Municipal de Col\u00edder, com a presen\u00e7a da Ag\u00eancia de Regula\u00e7\u00e3o dos Servi\u00e7os P\u00fablicos Delegados do Estado de Mato Grosso &#8211; Ager-MT, SINFRA e concession\u00e1ria Via Brasil, aconteceu a audi\u00eancia p\u00fablica de apresenta\u00e7\u00e3o do plano funcional das obras de amplia\u00e7\u00e3o e melhorias que ser\u00e3o executadas em trechos concedidos das rodovias MT-320, especificamente em per\u00edmetros urbanos.<\/p>\n<p>O prefeito Rodrigo Benassi expressa sua preocupa\u00e7\u00e3o com a lentid\u00e3o na execu\u00e7\u00e3o de projetos de infraestrutura na regi\u00e3o da travessia MT-320. Durante sua fala, ele deixou claro que a administra\u00e7\u00e3o n\u00e3o \u00e9 contr\u00e1ria \u00e0 execu\u00e7\u00e3o dos projetos, mas sim \u00e0 demora em sua implementa\u00e7\u00e3o.<\/p>\n<p>Rodrigo Benassi destaca ainda a urg\u00eancia das interven\u00e7\u00f5es, especialmente em pontos cr\u00edticos que necessitam de aten\u00e7\u00e3o imediata. \u201cCobramos para que estas obras nesses pontos cr\u00edticos n\u00e3o sejam atendidas daqui a tr\u00eas anos. Precisa ser atendido de imediato. Ent\u00e3o, o que n\u00f3s pedimos aqui nessa audi\u00eancia \u00e9 que essas obras ocorram o mais breve poss\u00edvel, iniciando j\u00e1 nesse exerc\u00edcio de 2025\u201d, completa.<\/p>\n<p>Aroldo de Luna Cavalcanti, diretor de administra\u00e7\u00e3o da Ager-MT, aponta a import\u00e2ncia do evento para ouvir as demandas da popula\u00e7\u00e3o de Col\u00edder. &#8220;A audi\u00eancia serviu para ouvir a popula\u00e7\u00e3o e as reivindica\u00e7\u00f5es da sociedade, representadas aqui pelo Prefeito e Vereadores&#8221;, afirma.<\/p>\n<p>Cavalcanti explica que a Ager atua como intermedi\u00e1ria entre o Estado, a concession\u00e1ria Via Brasil e a sociedade. &#8220;Vamos intervir e verificar o que est\u00e1 no contrato e o que falta a Via Brasil cumprir&#8221;, disse.<\/p>\n<p>Ele tamb\u00e9m reconheceu as particularidades de Col\u00edder e a necessidade de moderniza\u00e7\u00e3o nas entradas da cidade. &#8220;A Via Brasil tem que atender a necessidade da popula\u00e7\u00e3o de Col\u00edder, e isso est\u00e1 estabelecido no contrato de concess\u00f5es&#8221;, ressalta.<\/p>\n<p>O Diretor conclui com otimismo, afirmando que &#8220;acredito que em 2025 j\u00e1 teremos obras em Col\u00edder, e com certeza em 2026 mais melhorias para a cidade&#8221;. A audi\u00eancia foi considerada fundamental para o desenvolvimento de um projeto que atenda \u00e0s necessidades da comunidade local.<\/p>\n<p>Luciano Milani, presidente da C\u00e2mara Municipal de Col\u00edder, acentua a import\u00e2ncia do evento para discutir a seguran\u00e7a na travessia urbana da MT-320. &#8220;A audi\u00eancia foi muito boa. Queremos agradecer a participa\u00e7\u00e3o da Ager e da representa\u00e7\u00e3o da SINFRA, onde debatemos as muitas reclama\u00e7\u00f5es sobre os acidentes que v\u00eam ocorrendo&#8221;, declara Milani.<\/p>\n<p>O presidente da C\u00e2mara fala ainda dos projetos apresentados para a instala\u00e7\u00e3o de redutores de velocidade nas proximidades do Parque de Exposi\u00e7\u00f5es e do Hotel das Palmeiras, al\u00e9m de uma proposta para a constru\u00e7\u00e3o de uma rotat\u00f3ria na entrada da cidade. &#8220;Sabemos que ali v\u00eam acontecendo muitos acidentes, inclusive fatais&#8221;, enfatiza Luciano.<\/p>\n<p>Milani tamb\u00e9m comenta sobre a necessidade de cobrar a\u00e7\u00f5es da Via Brasil, respons\u00e1vel pela concess\u00e3o da rodovia, e agradece a presen\u00e7a dos Vereadores, do Prefeito e da m\u00eddia que acompanhou o evento. &#8220;Foi muito produtiva a audi\u00eancia e vamos estar cobrando tanto da SIFRA como tamb\u00e9m da Ager que fiscalizam e da Via Brasil que executa todo esse trabalho&#8221;, finaliza.<\/p>\n<\/div>\n<div class=\"gallery-section section-template\" data-v-71457620=\"\">\n<div class=\"py-0\">\n<div class=\"title-widget mb-4 title-widget d-flex flex-column justify-center font-weight-bold text-left align-start title-widget--light text-h5 text-md-h4\"><span class=\"text-decoration-none\">Galeria<\/span><\/div>\n<div class=\"grid-widget\" data-v-10eb640b=\"\"><picture data-v-10eb640b=\"\"><img decoding=\"async\" src=\"https:\/\/www.nortaoonline.com\/upload\/9\/33066\/67dca3c274b950c2fe.jpg?resize=1&amp;w=400\" data-v-10eb640b=\"\" \/><\/picture><picture data-v-10eb640b=\"\"><img decoding=\"async\" src=\"https:\/\/www.nortaoonline.com\/upload\/9\/33066\/67dca3c27f53c212d9.jpg?resize=1&amp;w=400\" data-v-10eb640b=\"\" \/><\/picture><\/div>\n<\/div>\n<\/div>\n","protected":false},"excerpt":{"rendered":"<p>Por: Rosangela Melo\/Nort\u00e3o Online Na manh\u00e3 deste dia, 20 de mar\u00e7o,\u00a0na C\u00e2mara Municipal de Col\u00edder,<\/p>\n","protected":false},"author":2,"featured_media":49352,"comment_status":"open","ping_status":"open","sticky":false,"template":"","format":"standard","meta":{"footnotes":""},"categories":[7,13],"tags":[],"aioseo_notices":[],"_links":{"self":[{"href":"https:\/\/portalnewsgta.com.br\/index.php\/wp-json\/wp\/v2\/posts\/49351"}],"collection":[{"href":"https:\/\/portalnewsgta.com.br\/index.php\/wp-json\/wp\/v2\/posts"}],"about":[{"href":"https:\/\/portalnewsgta.com.br\/index.php\/wp-json\/wp\/v2\/types\/post"}],"author":[{"embeddable":true,"href":"https:\/\/portalnewsgta.com.br\/index.php\/wp-json\/wp\/v2\/users\/2"}],"replies":[{"embeddable":true,"href":"https:\/\/portalnewsgta.com.br\/index.php\/wp-json\/wp\/v2\/comments?post=49351"}],"version-history":[{"count":2,"href":"https:\/\/portalnewsgta.com.br\/index.php\/wp-json\/wp\/v2\/posts\/49351\/revisions"}],"predecessor-version":[{"id":49374,"href":"https:\/\/portalnewsgta.com.br\/index.php\/wp-json\/wp\/v2\/posts\/49351\/revisions\/49374"}],"wp:featuredmedia":[{"embeddable":true,"href":"https:\/\/portalnewsgta.com.br\/index.php\/wp-json\/wp\/v2\/media\/49352"}],"wp:attachment":[{"href":"https:\/\/portalnewsgta.com.br\/index.php\/wp-json\/wp\/v2\/media?parent=49351"}],"wp:term":[{"taxonomy":"category","embeddable":true,"href":"https:\/\/portalnewsgta.com.br\/index.php\/wp-json\/wp\/v2\/categories?post=49351"},{"taxonomy":"post_tag","embeddable":true,"href":"https:\/\/portalnewsgta.com.br\/index.php\/wp-json\/wp\/v2\/tags?post=49351"}],"curies":[{"name":"wp","href":"https:\/\/api.w.org\/{rel}","templated":true}]}}