{"id":49326,"date":"2025-03-21T06:43:25","date_gmt":"2025-03-21T09:43:25","guid":{"rendered":"https:\/\/portalnewsgta.com.br\/index.php\/2025\/03\/21\/principe-william-cita-charlotte-ao-receber-pulseira-em-visita-a-estonia\/"},"modified":"2025-03-21T06:43:25","modified_gmt":"2025-03-21T09:43:25","slug":"principe-william-cita-charlotte-ao-receber-pulseira-em-visita-a-estonia","status":"publish","type":"post","link":"https:\/\/portalnewsgta.com.br\/index.php\/2025\/03\/21\/principe-william-cita-charlotte-ao-receber-pulseira-em-visita-a-estonia\/","title":{"rendered":"Pr\u00edncipe William cita Charlotte ao receber pulseira em visita \u00e0 Est\u00f4nia"},"content":{"rendered":"<p>Durante uma visita oficial \u00e0 Est\u00f4nia, nesta quinta-feira (20), o pr\u00edncipe William teve um momento descontra\u00eddo ao comentar sobre sua filha, princesa Charlotte, de 9 anos. O herdeiro do trono brit\u00e2nico esteve na The Freedom School, escola criada em 2022 pelo Minist\u00e9rio da Educa\u00e7\u00e3o e Pesquisa da Est\u00f4nia em resposta \u00e0 guerra na Ucr\u00e2nia.<\/p>\n<div class=\"dummyPub\">\u00a0<\/div>\n<p>Na ocasi\u00e3o, William recebeu de presente uma pulseira da amizade feita por alunos, nas cores amarelo e azul, que representam a bandeira da Ucr\u00e2nia. O gesto rendeu um coment\u00e1rio carinhoso sobre Charlotte.<\/p>\n<p>\u201cMinha filha provavelmente vai tentar roubar de mim mais tarde. Ela ama essas pulseiras da amizade\u201d, disse o pr\u00edncipe, sorrindo, ao observar o acess\u00f3rio em seu pulso.<\/p>\n<p>Em v\u00eddeo divulgado nas redes sociais, \u00e9 poss\u00edvel ouvir William agradecendo o presente:<\/p>\n<p>\u201cMuito obrigado. Gosto das cores da Ucr\u00e2nia. Isso \u00e9 muito gentil.\u201d<\/p>\n<p>Al\u00e9m de Charlotte, o pr\u00edncipe William e a princesa de Gales, Kate Middleton, s\u00e3o pais de George, de 11 anos, e Louis, de 6 anos. O casal \u00e9 conhecido por compartilhar, de forma ocasional, momentos da vida familiar em compromissos p\u00fablicos.<\/p>\n<p>Leia Tamb\u00e9m: <a href=\"https:\/\/www.noticiasaominuto.com.br\/fama\/2269189\/atriz-da-serie-the-last-of-us-revela-diagnostico-de-autismo\" target=\"_blank\" rel=\"noopener\">Atriz da s\u00e9rie &#8216;The Last of Us&#8217; revela diagn\u00f3stico de autismo<\/a><\/p>\n<p>Fonte: noticiasaominuto.com.br<\/p>\n","protected":false},"excerpt":{"rendered":"<p>Durante uma visita oficial \u00e0 Est\u00f4nia, nesta quinta-feira (20), o pr\u00edncipe William teve um momento<\/p>\n","protected":false},"author":0,"featured_media":49327,"comment_status":"open","ping_status":"open","sticky":false,"template":"","format":"standard","meta":{"footnotes":""},"categories":[6],"tags":[],"aioseo_notices":[],"_links":{"self":[{"href":"https:\/\/portalnewsgta.com.br\/index.php\/wp-json\/wp\/v2\/posts\/49326"}],"collection":[{"href":"https:\/\/portalnewsgta.com.br\/index.php\/wp-json\/wp\/v2\/posts"}],"about":[{"href":"https:\/\/portalnewsgta.com.br\/index.php\/wp-json\/wp\/v2\/types\/post"}],"replies":[{"embeddable":true,"href":"https:\/\/portalnewsgta.com.br\/index.php\/wp-json\/wp\/v2\/comments?post=49326"}],"version-history":[{"count":0,"href":"https:\/\/portalnewsgta.com.br\/index.php\/wp-json\/wp\/v2\/posts\/49326\/revisions"}],"wp:featuredmedia":[{"embeddable":true,"href":"https:\/\/portalnewsgta.com.br\/index.php\/wp-json\/wp\/v2\/media\/49327"}],"wp:attachment":[{"href":"https:\/\/portalnewsgta.com.br\/index.php\/wp-json\/wp\/v2\/media?parent=49326"}],"wp:term":[{"taxonomy":"category","embeddable":true,"href":"https:\/\/portalnewsgta.com.br\/index.php\/wp-json\/wp\/v2\/categories?post=49326"},{"taxonomy":"post_tag","embeddable":true,"href":"https:\/\/portalnewsgta.com.br\/index.php\/wp-json\/wp\/v2\/tags?post=49326"}],"curies":[{"name":"wp","href":"https:\/\/api.w.org\/{rel}","templated":true}]}}