{"id":4932,"date":"2024-04-23T16:46:57","date_gmt":"2024-04-23T19:46:57","guid":{"rendered":"https:\/\/portalnewsgta.com.br\/index.php\/2024\/04\/23\/ana-hickmann-e-edu-guedes-viram-queridinhos-da-publicidade-para-o-dia-dos-namorados\/"},"modified":"2024-04-23T16:46:57","modified_gmt":"2024-04-23T19:46:57","slug":"ana-hickmann-e-edu-guedes-viram-queridinhos-da-publicidade-para-o-dia-dos-namorados","status":"publish","type":"post","link":"https:\/\/portalnewsgta.com.br\/index.php\/2024\/04\/23\/ana-hickmann-e-edu-guedes-viram-queridinhos-da-publicidade-para-o-dia-dos-namorados\/","title":{"rendered":"Ana Hickmann e Edu Guedes viram queridinhos da publicidade para o Dia dos Namorados"},"content":{"rendered":"<p>ARACAJU, SE (FOLHAPRESS) &#8211; Em um relacionamento desde o come\u00e7o deste ano, os apresentadores Ana Hickmann e Edu Guedes viraram o grande alvo do mercado publicit\u00e1rio para estrelar campanhas de Dia dos Namorados, em junho.<\/p>\n<div class=\"dummyPub\"><\/div>\n<p>A Folha de S.Paulo apurou que os dois receberam ao menos seis propostas conjuntas para comerciais de empresas que querem aumentar as suas vendas no per\u00edodo.<\/p>\n<p>Ana e Edu j\u00e1 fizeram presen\u00e7a em eventos juntos, mas est\u00e3o analisando o primeiro comercial para a televis\u00e3o como casal. Edu deseja, especialmente, ajudar a companheira a se reerguer financeiramente.<\/p>\n<p>Uma das propostas que eles avaliam \u00e9 de uma empresa de perfumes. Outra \u00e9 de uma fabricante de alimentos, que j\u00e1 \u00e9 parceira de Edu Guedes em seu programa.<\/p>\n<p>A expectativa \u00e9 ter algo fechado em breve, at\u00e9 por que o material precisaria ser produzido em maio. Al\u00e9m da televis\u00e3o, as campanhas contemplam as redes sociais de ambos.<\/p>\n<p>Procurada pela reportagem, a assessoria de Ana confirmou que a apresentadora da Record e o seu atual companheiro receberam &#8220;muitas propostas&#8221; comerciais. E diz que o casal est\u00e1 analisando com calma.<\/p>\n<p>Ana Hickmann e Edu Guedes est\u00e3o juntos desde janeiro, mas s\u00f3 assumiram o namoro em mar\u00e7o, meses ap\u00f3s um per\u00edodo conturbado na vida da ex-modelo.<\/p>\n<p>Em novembro de 2023, a apresentadora denunciou ter sofrido viol\u00eancia dom\u00e9stica do ex-marido, Alexandre Correa. Ambos vivem uma briga judicial desde ent\u00e3o, para se comprovar o que aconteceu.<\/p>\n<p>Fonte: noticiasaominuto.com.br<\/p>\n","protected":false},"excerpt":{"rendered":"<p>ARACAJU, SE (FOLHAPRESS) &#8211; Em um relacionamento desde o come\u00e7o deste ano, os apresentadores Ana<\/p>\n","protected":false},"author":0,"featured_media":4933,"comment_status":"open","ping_status":"open","sticky":false,"template":"","format":"standard","meta":{"footnotes":""},"categories":[6],"tags":[],"aioseo_notices":[],"_links":{"self":[{"href":"https:\/\/portalnewsgta.com.br\/index.php\/wp-json\/wp\/v2\/posts\/4932"}],"collection":[{"href":"https:\/\/portalnewsgta.com.br\/index.php\/wp-json\/wp\/v2\/posts"}],"about":[{"href":"https:\/\/portalnewsgta.com.br\/index.php\/wp-json\/wp\/v2\/types\/post"}],"replies":[{"embeddable":true,"href":"https:\/\/portalnewsgta.com.br\/index.php\/wp-json\/wp\/v2\/comments?post=4932"}],"version-history":[{"count":0,"href":"https:\/\/portalnewsgta.com.br\/index.php\/wp-json\/wp\/v2\/posts\/4932\/revisions"}],"wp:featuredmedia":[{"embeddable":true,"href":"https:\/\/portalnewsgta.com.br\/index.php\/wp-json\/wp\/v2\/media\/4933"}],"wp:attachment":[{"href":"https:\/\/portalnewsgta.com.br\/index.php\/wp-json\/wp\/v2\/media?parent=4932"}],"wp:term":[{"taxonomy":"category","embeddable":true,"href":"https:\/\/portalnewsgta.com.br\/index.php\/wp-json\/wp\/v2\/categories?post=4932"},{"taxonomy":"post_tag","embeddable":true,"href":"https:\/\/portalnewsgta.com.br\/index.php\/wp-json\/wp\/v2\/tags?post=4932"}],"curies":[{"name":"wp","href":"https:\/\/api.w.org\/{rel}","templated":true}]}}