{"id":49318,"date":"2025-03-20T22:43:13","date_gmt":"2025-03-21T01:43:13","guid":{"rendered":"https:\/\/portalnewsgta.com.br\/index.php\/2025\/03\/20\/anitta-cancela-apresentacao-do-coachella-por-razoes-pessoais-inesperadas\/"},"modified":"2025-03-20T22:43:13","modified_gmt":"2025-03-21T01:43:13","slug":"anitta-cancela-apresentacao-do-coachella-por-razoes-pessoais-inesperadas","status":"publish","type":"post","link":"https:\/\/portalnewsgta.com.br\/index.php\/2025\/03\/20\/anitta-cancela-apresentacao-do-coachella-por-razoes-pessoais-inesperadas\/","title":{"rendered":"Anitta cancela apresenta\u00e7\u00e3o do Coachella por &#8216;raz\u00f5es pessoais inesperadas&#8217;"},"content":{"rendered":"<p>S\u00c3O PAULO, SP (FOLHAPRESS) &#8211; Anitta n\u00e3o vai mais se apresentar no festival Coachella nos dias 12 e 19 de abril. Apesar de n\u00e3o entrar no m\u00e9rito dos motivos, afirmou por meio das redes sociais que o cancelamento acontece por motivos pessoais.<\/p>\n<div class=\"dummyPub\">\u00a0<\/div>\n<p>&#8220;Eu estava muito ansiosa para estar no Coachella este ano, mas devido a raz\u00f5es pessoais inesperadas, n\u00e3o poderei me apresentar. Sou extremamente grata ao festival pelo convite, pela compreens\u00e3o e pelo apoio cont\u00ednuo. Espero ter a oportunidade de me juntar a voc\u00eas no futuro e compartilhar esse momento especial juntos&#8221;, contou no X.<\/p>\n<p>Em novembro do ano passado, o festival de m\u00fasica mais importante dos Estados Unidos anunciou a programa\u00e7\u00e3o da edi\u00e7\u00e3o 2025. Entre as atra\u00e7\u00f5es estavam Anitta e Alok.<\/p>\n<p>O evento ocorre em abril, nos dias 11, 12, 13, e na semana seguinte, nos dias 18, 19 e 20. A programa\u00e7\u00e3o se repete nas duas semanas.<\/p>\n<p>Quem encabe\u00e7a o festival nos dias 11 e 18 \u00e9 a cantora Lady Gaga, que at\u00e9 l\u00e1 deve soltar seu novo disco, puxado pela m\u00fasica &#8220;Disease&#8221;. Al\u00e9m dela, cantam a rapper Missy Elliott, Tyla, do hit &#8220;Water&#8221;, e o DJ brasileiro Vintage Culture.<\/p>\n<p>A banda Green Day lidera a programa\u00e7\u00e3o nos dias 12 e 19. Nas mesmas datas se apresentam Charli XCX, que explodiu com o disco &#8220;Brat&#8221;, e Alok.<\/p>\n<p>Anitta j\u00e1 fez show no Coachella, h\u00e1 dois anos, quando se vestiu de verde e amarelo para levar funk ao palco do festival.<\/p>\n<p>Fonte: noticiasaominuto.com.br<\/p>\n","protected":false},"excerpt":{"rendered":"<p>S\u00c3O PAULO, SP (FOLHAPRESS) &#8211; Anitta n\u00e3o vai mais se apresentar no festival Coachella nos<\/p>\n","protected":false},"author":0,"featured_media":49319,"comment_status":"open","ping_status":"open","sticky":false,"template":"","format":"standard","meta":{"footnotes":""},"categories":[6],"tags":[],"aioseo_notices":[],"_links":{"self":[{"href":"https:\/\/portalnewsgta.com.br\/index.php\/wp-json\/wp\/v2\/posts\/49318"}],"collection":[{"href":"https:\/\/portalnewsgta.com.br\/index.php\/wp-json\/wp\/v2\/posts"}],"about":[{"href":"https:\/\/portalnewsgta.com.br\/index.php\/wp-json\/wp\/v2\/types\/post"}],"replies":[{"embeddable":true,"href":"https:\/\/portalnewsgta.com.br\/index.php\/wp-json\/wp\/v2\/comments?post=49318"}],"version-history":[{"count":0,"href":"https:\/\/portalnewsgta.com.br\/index.php\/wp-json\/wp\/v2\/posts\/49318\/revisions"}],"wp:featuredmedia":[{"embeddable":true,"href":"https:\/\/portalnewsgta.com.br\/index.php\/wp-json\/wp\/v2\/media\/49319"}],"wp:attachment":[{"href":"https:\/\/portalnewsgta.com.br\/index.php\/wp-json\/wp\/v2\/media?parent=49318"}],"wp:term":[{"taxonomy":"category","embeddable":true,"href":"https:\/\/portalnewsgta.com.br\/index.php\/wp-json\/wp\/v2\/categories?post=49318"},{"taxonomy":"post_tag","embeddable":true,"href":"https:\/\/portalnewsgta.com.br\/index.php\/wp-json\/wp\/v2\/tags?post=49318"}],"curies":[{"name":"wp","href":"https:\/\/api.w.org\/{rel}","templated":true}]}}