{"id":49314,"date":"2025-03-20T21:43:03","date_gmt":"2025-03-21T00:43:03","guid":{"rendered":"https:\/\/portalnewsgta.com.br\/index.php\/2025\/03\/20\/karla-sofia-gascon-diz-que-e-menos-racista-que-gandhi-apos-postagens-polemicas\/"},"modified":"2025-03-20T21:43:03","modified_gmt":"2025-03-21T00:43:03","slug":"karla-sofia-gascon-diz-que-e-menos-racista-que-gandhi-apos-postagens-polemicas","status":"publish","type":"post","link":"https:\/\/portalnewsgta.com.br\/index.php\/2025\/03\/20\/karla-sofia-gascon-diz-que-e-menos-racista-que-gandhi-apos-postagens-polemicas\/","title":{"rendered":"Karla Sof\u00eda Gasc\u00f3n diz que \u00e9 &#8216;menos racista que Gandhi&#8217; ap\u00f3s postagens pol\u00eamicas"},"content":{"rendered":"<p>S\u00c3O PAULO, SP (FOLHAPRESS) &#8211; A atriz Karla Sof\u00eda Gasc\u00f3n disse que \u00e9 &#8220;menos racista que Ghandi&#8221; depois de uma s\u00e9rie de postagens antigas dela no X (ex-Twitter), consideradas ofensivas, virem \u00e0 tona durante a campanha pelo Oscar. As mensagens traziam conte\u00fado ofensivo a diversas minorias, e a estrela de &#8220;Emilia P\u00e9rez&#8221; foi alvo de cr\u00edticas, tamb\u00e9m nas redes sociais, sendo acusada de racismo e xenofobia.<\/p>\n<div class=\"dummyPub\">\u00a0<\/div>\n<p>A espanhola, que concorreu \u00e0 estatueta de melhor atriz na premia\u00e7\u00e3o americana, falou sobre o assunto durante um evento em Madri no qual promoveu seu novo livro autobiogr\u00e1fico, &#8220;Lo que Queda de Mi&#8221;, ou &#8220;o que resta de mim&#8221;. Em rela\u00e7\u00e3o aos tu\u00edtes, ela disse que n\u00e3o precisa do perd\u00e3o de ningu\u00e9m. &#8220;Se algu\u00e9m se sentiu ofendido por coisas que posso ter feito em minha vida, que venha at\u00e9 mim e me diga.&#8221;<\/p>\n<p>Primeira mulher trans indicada ao Oscar de melhor atriz, Gasc\u00f3n tamb\u00e9m voltou a afirmar que foi v\u00edtima de uma campanha coordenada contra ela, e alvo de &#8220;hipocrisia, preconceito e pressa no julgamento&#8221;. Tamb\u00e9m disse que estranhou o fato de terem resgatado postagens antigas, desde 2016, para atac\u00e1-la.<\/p>\n<p>&#8220;Disseram que sou de extrema-direita, racista ou qualquer coisa&#8221;, afirmou a atriz, segundo o jornal El Mundo. &#8220;Mas se tem algo que fiz em toda minha vida foi ser contra tudo isso. Quando era jovem, eu brigava contra skinheads. Quando algu\u00e9m vem at\u00e9 mim e eu pergunto, &#8216;O que eu fiz para te ofender?&#8217;, ningu\u00e9m consegue dizer nada.&#8221;<\/p>\n<p>Ela chamou a situa\u00e7\u00e3o que viveu de &#8220;massacre na rede social&#8221; e disse que era &#8220;menos racista que Gandhi&#8221;. Tamb\u00e9m afirmou que tem &#8220;enorme respeito pelos mu\u00e7ulmanos&#8221;, mas n\u00e3o quando se tratava de &#8220;fanatismo, terrorismo e todas as coisas estanhas que s\u00e3o feitas em nome de deus ou da religi\u00e3o&#8221;.<\/p>\n<p>Gasc\u00f3n ainda foi perguntada se ela se arrepende de alguma coisa, e se faria tudo do mesmo jeito de novo. &#8220;A vida sempre nos coloca em lugares dif\u00edceis para que possamos aprender. E voc\u00ea sempre aprende com os erros.&#8221;<\/p>\n<p>Leia Tamb\u00e9m: <a href=\"https:\/\/www.noticiasaominuto.com.br\/fama\/2269073\/ellen-pompeo-diz-ter-brigado-por-diferenca-salarial-em-greys-anatomy\" target=\"_blank\" rel=\"noopener\">Ellen Pompeo diz ter brigado por diferen\u00e7a salarial em &#8216;Grey&#8217;s Anatomy&#8217;<\/a><\/p>\n<p>Fonte: noticiasaominuto.com.br<\/p>\n","protected":false},"excerpt":{"rendered":"<p>S\u00c3O PAULO, SP (FOLHAPRESS) &#8211; A atriz Karla Sof\u00eda Gasc\u00f3n disse que \u00e9 &#8220;menos racista<\/p>\n","protected":false},"author":0,"featured_media":49315,"comment_status":"open","ping_status":"open","sticky":false,"template":"","format":"standard","meta":{"footnotes":""},"categories":[6],"tags":[],"aioseo_notices":[],"_links":{"self":[{"href":"https:\/\/portalnewsgta.com.br\/index.php\/wp-json\/wp\/v2\/posts\/49314"}],"collection":[{"href":"https:\/\/portalnewsgta.com.br\/index.php\/wp-json\/wp\/v2\/posts"}],"about":[{"href":"https:\/\/portalnewsgta.com.br\/index.php\/wp-json\/wp\/v2\/types\/post"}],"replies":[{"embeddable":true,"href":"https:\/\/portalnewsgta.com.br\/index.php\/wp-json\/wp\/v2\/comments?post=49314"}],"version-history":[{"count":0,"href":"https:\/\/portalnewsgta.com.br\/index.php\/wp-json\/wp\/v2\/posts\/49314\/revisions"}],"wp:featuredmedia":[{"embeddable":true,"href":"https:\/\/portalnewsgta.com.br\/index.php\/wp-json\/wp\/v2\/media\/49315"}],"wp:attachment":[{"href":"https:\/\/portalnewsgta.com.br\/index.php\/wp-json\/wp\/v2\/media?parent=49314"}],"wp:term":[{"taxonomy":"category","embeddable":true,"href":"https:\/\/portalnewsgta.com.br\/index.php\/wp-json\/wp\/v2\/categories?post=49314"},{"taxonomy":"post_tag","embeddable":true,"href":"https:\/\/portalnewsgta.com.br\/index.php\/wp-json\/wp\/v2\/tags?post=49314"}],"curies":[{"name":"wp","href":"https:\/\/api.w.org\/{rel}","templated":true}]}}