{"id":49294,"date":"2025-03-20T16:42:45","date_gmt":"2025-03-20T19:42:45","guid":{"rendered":"https:\/\/portalnewsgta.com.br\/index.php\/2025\/03\/20\/conmebol-organiza-reuniao-com-autoridades-para-debater-casos-de-racismo\/"},"modified":"2025-03-20T16:42:45","modified_gmt":"2025-03-20T19:42:45","slug":"conmebol-organiza-reuniao-com-autoridades-para-debater-casos-de-racismo","status":"publish","type":"post","link":"https:\/\/portalnewsgta.com.br\/index.php\/2025\/03\/20\/conmebol-organiza-reuniao-com-autoridades-para-debater-casos-de-racismo\/","title":{"rendered":"Conmebol organiza reuni\u00e3o com autoridades para debater casos de racismo"},"content":{"rendered":"<p>S\u00c3O PAULO, SP (UOL\/FOLHAPRESS) &#8211; A Conmebol organizar\u00e1 uma reuni\u00e3o na pr\u00f3xima quinta-feira (27) para debater os recentes casos de racismo no futebol sul-americano. A entidade convidou &#8220;embaixadores dos governos dos pa\u00edses que comp\u00f5em a Conmebol e representantes das Associa\u00e7\u00f5es Membro da Confedera\u00e7\u00e3o&#8221;.<\/p>\n<div class=\"dummyPub\">\u00a0<\/div>\n<p>O objetivo do encontro \u00e9 &#8220;abordar e debater as \u00faltimas manifesta\u00e7\u00f5es de racismo, discrimina\u00e7\u00e3o e viol\u00eancia&#8221; no futebol sul-americano&#8221;. O presidente Alejandro Dom\u00ednguez j\u00e1 havia &#8220;convocado&#8221; as autoridades durante o sorteio da fase de grupos das Copas Sul-Americana e Libertadores.<\/p>\n<p>A entidade acredita que a reuni\u00e3o pode ajudar na promo\u00e7\u00e3o de &#8220;medidas concretas&#8221; para um ambiente mais inclusivo. A Conmebol disse ainda que o racismo est\u00e1 &#8220;no centro das preocupa\u00e7\u00f5es&#8221; e apontou reuni\u00e3o como uma oportunidade para troca de opini\u00f5es.<\/p>\n<p>A movimenta\u00e7\u00e3o acontece ap\u00f3s a repercuss\u00e3o do caso de racismo contra Luighi, jogador do Palmeiras, pela Libertadores sub-20. Os clubes brasileiros, inclusive, foram \u00e0 Fifa para criticar a Conmebol ap\u00f3s a puni\u00e7\u00e3o ao Cerro Porte\u00f1o pelo caso envolvendo o atacante alviverde.<\/p>\n<p>Uma fala do presidente da Conmebol tamb\u00e9m incomodou os clubes e governo brasileiro. Questionado sobre como seria a Libertadores sem as equipes verde-amarelas, o mandat\u00e1rio respondeu &#8220;Isso seria como Tarzan sem Chita. Imposs\u00edvel&#8221;. Chita \u00e9 o nome da macaca dos filmes de Tarzan. O mandat\u00e1rio se desculpou pelo epis\u00f3dio.<\/p>\n<p>A Libra fez uma nota de rep\u00fadio \u00e0 declara\u00e7\u00e3o de Alejandro Dominguez. Anteriormente, clubes da Libra e da Liga Forte Uni\u00e3o j\u00e1 tinham assinado uma carta pedindo exclus\u00e3o do Cerro Porte\u00f1o pelo caso de racismo contra Luighi.<\/p>\n<p>O Flamengo n\u00e3o assinou a nota da Libra e citou a CBF ao se justificar. O Rubro-Negro considera que a entidade brasileira \u00e9 quem te de tomar frente neste tipo de caso: &#8220;Entendemos que as rela\u00e7\u00f5es institucionais com a Conmebol devam ser conduzidas pela CBF&#8221;<\/p>\n<p>Leia Tamb\u00e9m: <a href=\"https:\/\/www.noticiasaominuto.com.br\/esporte\/2269036\/flamengo-cita-cbf-para-justificar-ausencia-em-nota-contra-presidente-da-conmebol\" target=\"_blank\" rel=\"noopener\">Flamengo cita CBF para justificar aus\u00eancia em nota contra presidente da Conmebol<\/a><\/p>\n<p>Leia Tamb\u00e9m: <a href=\"https:\/\/www.noticiasaominuto.com.br\/esporte\/2268932\/mpf-investiga-omissao-da-cbf-no-caso-de-racismo-na-copa-libertadores\" target=\"_blank\" rel=\"noopener\">MPF investiga omiss\u00e3o da CBF no caso de racismo na Copa Libertadores<\/a><\/p>\n<p>Fonte: noticiasaominuto.com.br<\/p>\n","protected":false},"excerpt":{"rendered":"<p>S\u00c3O PAULO, SP (UOL\/FOLHAPRESS) &#8211; A Conmebol organizar\u00e1 uma reuni\u00e3o na pr\u00f3xima quinta-feira (27) para<\/p>\n","protected":false},"author":0,"featured_media":49295,"comment_status":"open","ping_status":"open","sticky":false,"template":"","format":"standard","meta":{"footnotes":""},"categories":[4],"tags":[],"aioseo_notices":[],"_links":{"self":[{"href":"https:\/\/portalnewsgta.com.br\/index.php\/wp-json\/wp\/v2\/posts\/49294"}],"collection":[{"href":"https:\/\/portalnewsgta.com.br\/index.php\/wp-json\/wp\/v2\/posts"}],"about":[{"href":"https:\/\/portalnewsgta.com.br\/index.php\/wp-json\/wp\/v2\/types\/post"}],"replies":[{"embeddable":true,"href":"https:\/\/portalnewsgta.com.br\/index.php\/wp-json\/wp\/v2\/comments?post=49294"}],"version-history":[{"count":0,"href":"https:\/\/portalnewsgta.com.br\/index.php\/wp-json\/wp\/v2\/posts\/49294\/revisions"}],"wp:featuredmedia":[{"embeddable":true,"href":"https:\/\/portalnewsgta.com.br\/index.php\/wp-json\/wp\/v2\/media\/49295"}],"wp:attachment":[{"href":"https:\/\/portalnewsgta.com.br\/index.php\/wp-json\/wp\/v2\/media?parent=49294"}],"wp:term":[{"taxonomy":"category","embeddable":true,"href":"https:\/\/portalnewsgta.com.br\/index.php\/wp-json\/wp\/v2\/categories?post=49294"},{"taxonomy":"post_tag","embeddable":true,"href":"https:\/\/portalnewsgta.com.br\/index.php\/wp-json\/wp\/v2\/tags?post=49294"}],"curies":[{"name":"wp","href":"https:\/\/api.w.org\/{rel}","templated":true}]}}