{"id":49269,"date":"2025-03-20T12:19:57","date_gmt":"2025-03-20T15:19:57","guid":{"rendered":"https:\/\/portalnewsgta.com.br\/?p=49269"},"modified":"2025-03-20T12:19:57","modified_gmt":"2025-03-20T15:19:57","slug":"taques-e-jayme-se-reunem-para-discutir-possivel-alianca-em-2026","status":"publish","type":"post","link":"https:\/\/portalnewsgta.com.br\/index.php\/2025\/03\/20\/taques-e-jayme-se-reunem-para-discutir-possivel-alianca-em-2026\/","title":{"rendered":"Taques e Jayme se re\u00fanem para discutir poss\u00edvel alian\u00e7a em 2026"},"content":{"rendered":"<div class=\"col-xs-12 col-sm-12 col-md-12 col-lg-12 mb10\">\n<div class=\"row\">\n<div class=\"col-xs-12 col-sm-12 col-md-12 col-lg-12 mb15\">\n<div class=\"row\">\n<div class=\"col-xs-12 col-sm-11 col-md-11 col-lg-11 autorer\"><span class=\"autores_fontes_nome\">Pablo Rodrigo<\/span><\/p>\n<p class=\"autores_fontes_email\">pablo@gazetadigital.com.br<\/p>\n<\/div>\n<\/div>\n<\/div>\n<\/div>\n<\/div>\n<div class=\"col-xs-12 col-sm-12 col-md-12 col-lg-12 mb30\">\n<p class=\"credito-1\">Reprodu\u00e7\u00e3o<\/p>\n<p><span class=\"img-conteudo pull-left\"><a href=\"https:\/\/www.gazetadigital.com.br\/storage\/webdisco\/2025\/03\/06\/1200x900\/5c1304f677ae2a6f734bd95d4538f54f.jpg\" data-fancybox=\"gallery\" data-caption=\"Reprodu\u00e7\u00e3o\"><img decoding=\"async\" src=\"https:\/\/www.gazetadigital.com.br\/storage\/webdisco\/2025\/03\/06\/431x285\/5c1304f677ae2a6f734bd95d4538f54f.jpg\" alt=\"Reprodu\u00e7\u00e3o\" \/><\/a><\/span><\/p>\n<p class=\"img-conteudo-desc\">\n<div id=\"text-content\" class=\"mb20\">\n<p>O senador Jayme Campos (Uni\u00e3o) e o ex-governador Pedro Taques (sem partido) estiveram reunidos para discutir a conjuntura eleitoral de Mato Grosso e uma poss\u00edvel alian\u00e7a para a elei\u00e7\u00e3o do pr\u00f3ximo ano.<\/p>\n<p>&nbsp;<\/p>\n<p>&nbsp;<\/p>\n<p>Do mesmo partido do governador Mauro Mendes, Jayme reagiu ao fato do chefe do Executivo ter anunciado o seu apoio ao vice-governador Otaviano Pivetta (Republicanos) ao governo de Mato Grosso. Soma-se ao fato a possibilidade de Mendes se manter aliado do PL numa dobradinha para disputar o Senado.<\/p>\n<p>&nbsp;<\/p>\n<p>A Gazeta apurou que durante a conversa, Taques e Jayme chegaram a um entendimento de que \u00e9 poss\u00edvel construir um palanque de centro, aglutinado partidos de centro-esquerda e centro-direita, apresentando como alternativa ao grupo hegem\u00f4nico do governador e ao PL do ex-presidente Jair Bolsonaro.<\/p>\n<p>&nbsp;<\/p>\n<p>O encontro ocorreu dias ap\u00f3s o senador e algumas lideran\u00e7as de sua ala do Uni\u00e3o participarem de um evento envolvendo do ministro da Agricultura, Carlos F\u00e1varo (PSD), no lan\u00e7amento da obra da Unidade Mista de Pesquisa e Inova\u00e7\u00e3o (Umipi) da Empresa Brasileira de Pesquisa Agropecu\u00e1ria (Embrapa) Baixada Cuiabana.<\/p>\n<p>&nbsp;<\/p>\n<p>A reportagem apurou ainda que o ex-governador Pedro Taques se colocou \u00e0 disposi\u00e7\u00e3o para ajudar a construir um projeto alternativo ao grupo atual, inclusive, colocando o pr\u00f3prio nome para uma eventual candidatura majorit\u00e1ria.<\/p>\n<p>&nbsp;<\/p>\n<p>Com isso, n\u00e3o se descarta Jayme disputar o governo e o Taques o Senado, cargo que deixou com boa avalia\u00e7\u00e3o.<\/p>\n<p>&nbsp;<\/p>\n<p><strong>Nomes e fatores<\/strong><br \/>\nA discuss\u00e3o tamb\u00e9m passa pela movimenta\u00e7\u00e3o de 3 nomes que buscam a majorit\u00e1ria no ano que vem: Janaina Riva, Carlos F\u00e1varo e o vice-governador Otaviano Pivetta (Republicanos).<\/p>\n<p>&nbsp;<\/p>\n<p>A primeira d\u00favida \u00e9 saber se a deputada Janaina Riva manter\u00e1 sua candidatura ao Senado tendo o sogro, senador Wellington Fagundes como candidato ao governo.<\/p>\n<p>&nbsp;<\/p>\n<p>Na avalia\u00e7\u00e3o de alguns, isso poderia impedir algumas alian\u00e7as. Outro fator \u00e9 Carlos F\u00e1varo. Isso porque o ministro tem resist\u00eancia do setor do agro, o que poder\u00e1 lhe trazer desgaste nas elei\u00e7\u00f5es no Estado.<\/p>\n<p>&nbsp;<\/p>\n<p>A d\u00favida \u00e9 saber se F\u00e1varo conseguir\u00e1 diminuir essa resist\u00eancia at\u00e9 o ano que vem, o que passaria por uma melhoria de aprova\u00e7\u00e3o do governo Lula. \u2018Ningu\u00e9m quer carregar esse \u00f4nus de desgaste\u2019, disse um interlocutor que tem participado dessas reuni\u00f5es\u201d.<\/p>\n<\/div>\n<\/div>\n","protected":false},"excerpt":{"rendered":"<p>Pablo Rodrigo pablo@gazetadigital.com.br Reprodu\u00e7\u00e3o O senador Jayme Campos (Uni\u00e3o) e o ex-governador Pedro Taques (sem<\/p>\n","protected":false},"author":2,"featured_media":49270,"comment_status":"open","ping_status":"open","sticky":false,"template":"","format":"standard","meta":{"footnotes":""},"categories":[13,2],"tags":[138],"aioseo_notices":[],"_links":{"self":[{"href":"https:\/\/portalnewsgta.com.br\/index.php\/wp-json\/wp\/v2\/posts\/49269"}],"collection":[{"href":"https:\/\/portalnewsgta.com.br\/index.php\/wp-json\/wp\/v2\/posts"}],"about":[{"href":"https:\/\/portalnewsgta.com.br\/index.php\/wp-json\/wp\/v2\/types\/post"}],"author":[{"embeddable":true,"href":"https:\/\/portalnewsgta.com.br\/index.php\/wp-json\/wp\/v2\/users\/2"}],"replies":[{"embeddable":true,"href":"https:\/\/portalnewsgta.com.br\/index.php\/wp-json\/wp\/v2\/comments?post=49269"}],"version-history":[{"count":1,"href":"https:\/\/portalnewsgta.com.br\/index.php\/wp-json\/wp\/v2\/posts\/49269\/revisions"}],"predecessor-version":[{"id":49271,"href":"https:\/\/portalnewsgta.com.br\/index.php\/wp-json\/wp\/v2\/posts\/49269\/revisions\/49271"}],"wp:featuredmedia":[{"embeddable":true,"href":"https:\/\/portalnewsgta.com.br\/index.php\/wp-json\/wp\/v2\/media\/49270"}],"wp:attachment":[{"href":"https:\/\/portalnewsgta.com.br\/index.php\/wp-json\/wp\/v2\/media?parent=49269"}],"wp:term":[{"taxonomy":"category","embeddable":true,"href":"https:\/\/portalnewsgta.com.br\/index.php\/wp-json\/wp\/v2\/categories?post=49269"},{"taxonomy":"post_tag","embeddable":true,"href":"https:\/\/portalnewsgta.com.br\/index.php\/wp-json\/wp\/v2\/tags?post=49269"}],"curies":[{"name":"wp","href":"https:\/\/api.w.org\/{rel}","templated":true}]}}