{"id":49234,"date":"2025-03-20T11:40:11","date_gmt":"2025-03-20T14:40:11","guid":{"rendered":"https:\/\/portalnewsgta.com.br\/?p=49234"},"modified":"2025-03-20T11:40:11","modified_gmt":"2025-03-20T14:40:11","slug":"doria-governo-de-mt-vai-dobrar-quantidade-de-asfalto-e-um-grande-legado-para-a-populacao","status":"publish","type":"post","link":"https:\/\/portalnewsgta.com.br\/index.php\/2025\/03\/20\/doria-governo-de-mt-vai-dobrar-quantidade-de-asfalto-e-um-grande-legado-para-a-populacao\/","title":{"rendered":"Doria: \u201cGoverno de MT vai dobrar quantidade de asfalto; \u00e9 um grande legado para a popula\u00e7\u00e3o&#8221;"},"content":{"rendered":"<p>Jo\u00e3o Doria destacou que a\u00e7\u00f5es no setor fomentam a expans\u00e3o do agroneg\u00f3cio.<\/p>\n<figure class=\"mb-2\" data-v-71457620=\"\"><figcaption class=\"text-body-2 font-weight-bold grey--text text--darken-2\" data-v-71457620=\"\">Foto por: Mayke Toscano\/Secom<\/figcaption><\/figure>\n<div class=\"ck-content font-weight-medium mb-4\" data-v-71457620=\"\">\n<p>O ex-governador de S\u00e3o Paulo e presidente nacional do Grupo de L\u00edderes Empresariais (LIDE), Jo\u00e3o D\u00f3ria Junior, afirmou que o Governo de Mato Grosso \u201cvai deixar um grande legado na infraestrutura\u201d ao dobrar, em menos de oito anos, a quilometragem total de asfalto no estado.<\/p>\n<p>D\u00f3ria se reuniu com o governador Mauro Mendes e a primeira-dama Virginia Mendes, nesta quarta-feira (19\/3), junto com o presidente e a CEO do LIDE Mato Grosso, Igor Taques e Ruth Semiramys, respectivamente.<\/p>\n<p>De acordo com o presidente do grupo, a quantidade de asfalto novo que a gest\u00e3o estadual est\u00e1 entregando \u2013 que vai chegar a mais de 6.000 quil\u00f4metros at\u00e9 o final do ano &#8211; ir\u00e1 impulsionar ainda mais o agroneg\u00f3cio, que \u201crepresenta hoje um ter\u00e7o da economia brasileira\u201d.<\/p>\n<p>\u201cEu fui governador do estado de S\u00e3o Paulo e eu sei o que custa o asfalto, a implanta\u00e7\u00e3o asf\u00e1ltica de infraestrutura. Ent\u00e3o essa \u00e9 uma vit\u00f3ria do Governo do Mato Grosso em oferecer uma infraestrutura asf\u00e1ltica, que vai dobrar o n\u00famero de quil\u00f4metros asfaltados no estado at\u00e9 o final do seu governo. \u00c9 um grande legado\u201d, ressaltou.<\/p>\n<p>Para Doria, boa parte da for\u00e7a do agroneg\u00f3cio mato-grossense tem raiz no apoio dado pelo estado nos \u00faltimos anos.<\/p>\n<p>\u201cEsta lideran\u00e7a faz parte tamb\u00e9m das a\u00e7\u00f5es que o Governo do Estado de Mato Grosso vem exercendo, apoiando o setor privado, criando facilidades, evitando excessos de burocracia e construindo campos adequados para melhorar n\u00e3o s\u00f3 a log\u00edstica, mas tamb\u00e9m as exporta\u00e7\u00f5es\u201d, pontuou.<\/p>\n<p>O governador Mauro Mendes tamb\u00e9m registrou a import\u00e2ncia do LIDE para aproximar investidores do Poder P\u00fablico e fomentar neg\u00f3cios importantes para o estado.<\/p>\n<p>\u201cCom o aux\u00edlio do LIDE, conseguimos aproximar os dois lados, abrir portas, buscar investidores e aquilo que \u00e9 mais importante: mostrar o potencial de Mato Grosso, as oportunidades de neg\u00f3cio, tudo aquilo que somos e as grandes perspectivas que n\u00f3s temos, principalmente no mais importante setor da economia do nosso estado, que \u00e9 o agroneg\u00f3cio, a agroind\u00fastria e a transforma\u00e7\u00e3o de prote\u00ednas animais e vegetais em alimentos para o Brasil e o mundo\u201d, concluiu.<\/p>\n<p>Tamb\u00e9m participaram da reuni\u00e3o: o vice-governador Otaviano Pivetta; o presidente da Assembleia Legislativa, Max Russi; o prefeito de Sorriso, Alei Fernandes; os deputados estaduais Carlos Avallone e Hugo Garcia; o presidente da Fecom\u00e9rcio, Wenceslau Junior; e os secret\u00e1rios de Estado Fabio Garcia (Casa Civil), Laice Souza (Comunica\u00e7\u00e3o), Rog\u00e9rio Gallo (Fazenda) e Jordan Esp\u00edndola (Gabinete de Governo); e o presidente da MT Par, Wener Santos.<\/p>\n<p><img decoding=\"async\" class=\"image_resized\" src=\"https:\/\/www.secom.mt.gov.br\/documents\/d\/mt\/joao-doria_mauro-11?imageThumbnail=3\" alt=\"\" \/><\/p>\n<\/div>\n<div class=\"font-weight-bold grey--text text--darken-2 mb-4\" data-v-71457620=\"\">Fonte: Lucas Rodrigues | Secom\/MT<\/div>\n","protected":false},"excerpt":{"rendered":"<p>Jo\u00e3o Doria destacou que a\u00e7\u00f5es no setor fomentam a expans\u00e3o do agroneg\u00f3cio. Foto por: Mayke<\/p>\n","protected":false},"author":2,"featured_media":49235,"comment_status":"open","ping_status":"open","sticky":false,"template":"","format":"standard","meta":{"footnotes":""},"categories":[13,2],"tags":[],"aioseo_notices":[],"_links":{"self":[{"href":"https:\/\/portalnewsgta.com.br\/index.php\/wp-json\/wp\/v2\/posts\/49234"}],"collection":[{"href":"https:\/\/portalnewsgta.com.br\/index.php\/wp-json\/wp\/v2\/posts"}],"about":[{"href":"https:\/\/portalnewsgta.com.br\/index.php\/wp-json\/wp\/v2\/types\/post"}],"author":[{"embeddable":true,"href":"https:\/\/portalnewsgta.com.br\/index.php\/wp-json\/wp\/v2\/users\/2"}],"replies":[{"embeddable":true,"href":"https:\/\/portalnewsgta.com.br\/index.php\/wp-json\/wp\/v2\/comments?post=49234"}],"version-history":[{"count":1,"href":"https:\/\/portalnewsgta.com.br\/index.php\/wp-json\/wp\/v2\/posts\/49234\/revisions"}],"predecessor-version":[{"id":49236,"href":"https:\/\/portalnewsgta.com.br\/index.php\/wp-json\/wp\/v2\/posts\/49234\/revisions\/49236"}],"wp:featuredmedia":[{"embeddable":true,"href":"https:\/\/portalnewsgta.com.br\/index.php\/wp-json\/wp\/v2\/media\/49235"}],"wp:attachment":[{"href":"https:\/\/portalnewsgta.com.br\/index.php\/wp-json\/wp\/v2\/media?parent=49234"}],"wp:term":[{"taxonomy":"category","embeddable":true,"href":"https:\/\/portalnewsgta.com.br\/index.php\/wp-json\/wp\/v2\/categories?post=49234"},{"taxonomy":"post_tag","embeddable":true,"href":"https:\/\/portalnewsgta.com.br\/index.php\/wp-json\/wp\/v2\/tags?post=49234"}],"curies":[{"name":"wp","href":"https:\/\/api.w.org\/{rel}","templated":true}]}}