{"id":49203,"date":"2025-03-20T11:28:54","date_gmt":"2025-03-20T14:28:54","guid":{"rendered":"https:\/\/portalnewsgta.com.br\/?p=49203"},"modified":"2025-03-20T11:28:54","modified_gmt":"2025-03-20T14:28:54","slug":"conferencia-municipal-de-transito-mobilidade-e-acessibilidade-de-guaranta-do-norte-2025","status":"publish","type":"post","link":"https:\/\/portalnewsgta.com.br\/index.php\/2025\/03\/20\/conferencia-municipal-de-transito-mobilidade-e-acessibilidade-de-guaranta-do-norte-2025\/","title":{"rendered":"Confer\u00eancia Municipal de Tr\u00e2nsito, Mobilidade e Acessibilidade de Guarant\u00e3 do Norte \u2013 2025"},"content":{"rendered":"<p>A\u00a0<strong>2\u00aa Confer\u00eancia Municipal de Tr\u00e2nsito, Mobilidade e Acessibilidade de Guarant\u00e3 do Norte<\/strong>\u00a0ser\u00e1 realizada nos dias\u00a0<strong>25 e 26 de mar\u00e7o de 2025<\/strong>\u00a0no Audit\u00f3rio Luiz Mena (Plen\u00e1rio da C\u00e2mara Municipal). Organizada pelo Conselho Municipal de Tr\u00e2nsito (CMT), o evento visa discutir as quest\u00f5es cruciais sobre\u00a0<strong>tr\u00e2nsito, mobilidade urbana e acessibilidade<\/strong>, temas essenciais para o munic\u00edpio, com a participa\u00e7\u00e3o de\u00a0<strong>100 a 120 pessoas<\/strong>. Entrada franca.<\/p>\n<p>A confer\u00eancia \u00e9 fundamental para o munic\u00edpio de Guarant\u00e3 do Norte, que, conforme a\u00a0<strong>Lei 12.587\/2012<\/strong>, precisa implementar um\u00a0<strong>Plano de Mobilidade Urbana (PMU)<\/strong>\u00a0at\u00e9 abril de 2025 para garantir acesso a recursos federais destinados \u00e0 mobilidade. Al\u00e9m disso, a confer\u00eancia abordar\u00e1 temas relacionados \u00e0\u00a0<strong>acessibilidade<\/strong>, conforme as legisla\u00e7\u00f5es que asseguram direitos para pessoas com defici\u00eancia, e ao\u00a0<strong>tr\u00e2nsito<\/strong>, com base no C\u00f3digo de Tr\u00e2nsito Brasileiro (Lei 9.503\/1997).<\/p>\n<p>Este importante evento conta com a participa\u00e7\u00e3o de especialistas de\u00a0<strong>Marab\u00e1<\/strong>,\u00a0<strong>Parauapebas<\/strong>\u00a0e\u00a0<strong>V\u00e1rzea Grande<\/strong>.<\/p>\n<p>A programa\u00e7\u00e3o come\u00e7a no dia\u00a0<strong>25 de mar\u00e7o,<\/strong>\u00a0\u00e0s\u00a0<strong>17h<\/strong>, com a abertura do evento e a inscri\u00e7\u00e3o dos participantes. A\u00a0<strong>sess\u00e3o de abertura<\/strong>\u00a0contar\u00e1 com autoridades locais e a execu\u00e7\u00e3o dos hinos nacional e municipal. Entre\u00a0<strong>19h e 21h<\/strong>, ocorrer\u00e1 a primeira palestra, com a apresenta\u00e7\u00e3o de\u00a0<strong>Larissa Costa<\/strong>, que discutir\u00e1 os sobre\u00a0<strong>acessibilidade.<\/strong><\/p>\n<p>No\u00a0<strong>dia 26 de mar\u00e7o<\/strong>, as palestras seguem, primeiro com o\u00a0<strong>Rodrigo Bertoti Casonatto.<\/strong>\u00a0De tarde continua com temas sobre a\u00a0<strong>mobilidade urbana<\/strong>\u00a0com a\u00a0<strong>Taynara OLiveira.<\/strong>\u00a0E o guarda municipal,\u00a0<strong>Alexandre Gouveia Ortiz<\/strong>, falando sobre seguran\u00e7a de tr\u00e2nsito.<\/p>\n<p>A\u00a0<strong>entrega dos certificados<\/strong>\u00a0ocorrer\u00e1 \u00e0s 18h, seguida pelo encerramento do evento \u00e0s 19h.<\/p>\n<p>As inscri\u00e7\u00f5es podem ser realizadas no local da confer\u00eancia, no dia\u00a0<strong>25 de mar\u00e7o<\/strong>, ou antecipadamente por meio de um formul\u00e1rio online. Para obter\u00a0<strong>certificado de participa\u00e7\u00e3o<\/strong>, \u00e9 necess\u00e1rio registrar presen\u00e7a em\u00a0<strong>tr\u00eas momentos<\/strong>\u00a0(nos dias 25 e 26).\u00a0Ser\u00e1 emitido certificado de 8 horas para quem preencher a lista de presen\u00e7a.<\/p>\n<p>Todos os participantes devem se inscrever no formul\u00e1rio do Google:\u00a0<a href=\"https:\/\/docs.google.com\/forms\/d\/e\/1FAIpQLSftR_t5OC_8sOAm6AZMp7nmA0QUQRUIFjJD0KSWE42NcrX2IQ\/viewform\">https:\/\/docs.google.com\/forms\/d\/e\/1FAIpQLSftR_t5OC_8sOAm6AZMp7nmA0QUQRUIFjJD0KSWE42NcrX2IQ\/viewform<\/a><\/p>\n<p>O evento conta com a parceria de v\u00e1rias entidades, incluindo o\u00a0<strong>Lions Club<\/strong>, o\u00a0<strong>Departamento de Tr\u00e2nsito de Guarant\u00e3 do Norte<\/strong>,\u00a0<strong>Politec<\/strong>,\u00a0<strong>Ciretran<\/strong>\u00a0e a\u00a0<strong>Secretaria de Educa\u00e7\u00e3o<\/strong>\u00a0da Prefeitura. Al\u00e9m disso, ser\u00e1 buscado apoio financeiro de\u00a0<strong>vereadores, deputados e a iniciativa privada<\/strong>\u00a0para viabilizar a participa\u00e7\u00e3o dos palestrantes convidados.<\/p>\n<p>A\u00a0<strong>2\u00aa Confer\u00eancia Municipal de Tr\u00e2nsito, Mobilidade e Acessibilidade<\/strong>\u00a0\u00e9 um passo importante para promover um tr\u00e2nsito mais seguro e acess\u00edvel em Guarant\u00e3 do Norte e em munic\u00edpios vizinhos, contribuindo para a implementa\u00e7\u00e3o do\u00a0<strong>Plano de Mobilidade Urbana<\/strong>\u00a0necess\u00e1rio para o desenvolvimento da cidade.<\/p>\n<p><strong>Para mais informa\u00e7\u00f5es, entre em contato com:<\/strong><br \/>\n<strong>Rodrigo Bertoti Casonatto<\/strong>\u00a0\u2013 Presidente em exerc\u00edcio do CMT de Guarant\u00e3 do Norte \u2013 (66) 9.9926-8519.<\/p>\n<p><img loading=\"lazy\" decoding=\"async\" class=\"alignnone size-full wp-image-81925\" src=\"https:\/\/oportal163.com.br\/wp-content\/uploads\/2025\/03\/image-4-300x298-1.webp\" alt=\"\" width=\"300\" height=\"298\" \/><\/p>\n","protected":false},"excerpt":{"rendered":"<p>A\u00a02\u00aa Confer\u00eancia Municipal de Tr\u00e2nsito, Mobilidade e Acessibilidade de Guarant\u00e3 do Norte\u00a0ser\u00e1 realizada nos dias\u00a025<\/p>\n","protected":false},"author":2,"featured_media":49204,"comment_status":"open","ping_status":"open","sticky":false,"template":"","format":"standard","meta":{"footnotes":""},"categories":[7,13],"tags":[],"aioseo_notices":[],"_links":{"self":[{"href":"https:\/\/portalnewsgta.com.br\/index.php\/wp-json\/wp\/v2\/posts\/49203"}],"collection":[{"href":"https:\/\/portalnewsgta.com.br\/index.php\/wp-json\/wp\/v2\/posts"}],"about":[{"href":"https:\/\/portalnewsgta.com.br\/index.php\/wp-json\/wp\/v2\/types\/post"}],"author":[{"embeddable":true,"href":"https:\/\/portalnewsgta.com.br\/index.php\/wp-json\/wp\/v2\/users\/2"}],"replies":[{"embeddable":true,"href":"https:\/\/portalnewsgta.com.br\/index.php\/wp-json\/wp\/v2\/comments?post=49203"}],"version-history":[{"count":1,"href":"https:\/\/portalnewsgta.com.br\/index.php\/wp-json\/wp\/v2\/posts\/49203\/revisions"}],"predecessor-version":[{"id":49205,"href":"https:\/\/portalnewsgta.com.br\/index.php\/wp-json\/wp\/v2\/posts\/49203\/revisions\/49205"}],"wp:featuredmedia":[{"embeddable":true,"href":"https:\/\/portalnewsgta.com.br\/index.php\/wp-json\/wp\/v2\/media\/49204"}],"wp:attachment":[{"href":"https:\/\/portalnewsgta.com.br\/index.php\/wp-json\/wp\/v2\/media?parent=49203"}],"wp:term":[{"taxonomy":"category","embeddable":true,"href":"https:\/\/portalnewsgta.com.br\/index.php\/wp-json\/wp\/v2\/categories?post=49203"},{"taxonomy":"post_tag","embeddable":true,"href":"https:\/\/portalnewsgta.com.br\/index.php\/wp-json\/wp\/v2\/tags?post=49203"}],"curies":[{"name":"wp","href":"https:\/\/api.w.org\/{rel}","templated":true}]}}