{"id":48942,"date":"2025-03-17T17:42:52","date_gmt":"2025-03-17T20:42:52","guid":{"rendered":"https:\/\/portalnewsgta.com.br\/index.php\/2025\/03\/17\/motogp-anuncia-data-de-retorno-ao-brasil-com-corrida-em-goiania\/"},"modified":"2025-03-17T17:42:52","modified_gmt":"2025-03-17T20:42:52","slug":"motogp-anuncia-data-de-retorno-ao-brasil-com-corrida-em-goiania","status":"publish","type":"post","link":"https:\/\/portalnewsgta.com.br\/index.php\/2025\/03\/17\/motogp-anuncia-data-de-retorno-ao-brasil-com-corrida-em-goiania\/","title":{"rendered":"MotoGP anuncia data de retorno ao Brasil, com corrida em Goi\u00e2nia"},"content":{"rendered":"<p>GOI\u00c2NIA, GO (FOLHAPRESS) &#8211; A MotoGP anuciou nesta segunda-feira (17) a data em que a categoria marcar\u00e1 seu retorno ao Brasil. Ser\u00e1 em 29 de mar\u00e7o de 2026, quando o Aut\u00f3dromo Internacional Ayrton Senna, em Goi\u00e2nia, vai receber a primeira corrida no pa\u00eds depois de 22 anos.<\/p>\n<div class=\"dummyPub\">\u00a0<\/div>\n<p>A \u00faltima vez que as motos correram por aqui foi em 2004, no Aut\u00f3dromo de Jacarepagu\u00e1, no Rio de Janeiro, que sediou corridas entre 1995 e 2004, com exce\u00e7\u00e3o a 1998.<\/p>\n<p>A capital de Goi\u00e1s tamb\u00e9m j\u00e1 havia sido palco do Mundial em tr\u00eas edi\u00e7\u00f5es, entre 1987 e 1989. O retorno \u00e0 regi\u00e3o centro-oeste ocorre a partir de um movimento feito pelo governador de Goi\u00e1s, Ronaldo Caiado (Uni\u00e3o Brasil).<\/p>\n<p>Al\u00e9m do pol\u00edtico, estiveram presentes no evento Carmelo Ezpeleta, CEO da Dorna Sports, dona da MotoGP, Alan Adler, CEO da Brasil Motorsport, respons\u00e1vel por promover diversos eventos esportivos no pa\u00eds, como a F1 em S\u00e3o Paulo e o Rio Open, agora tamb\u00e9m encarregado da corrida em Goi\u00e2nia, e quatro pilotos: Franco Morbidelli, Luca Marini, Diogo Moreira e Eric Granado.<\/p>\n<p>Embora o quarteto tenha sido bastante assediado para tirar fotos e ovacionado quando deu algumas voltas na pista, quem parecia ser a estrela do evento era o governador do estado, cotado para lan\u00e7ar uma chapa para concorrer a presid\u00eancia em 2026 ao lado do cantor Gusttavo Lima.<\/p>\n<p>Apoiadores de Caiado gritavam &#8220;presidente&#8221; a cada uma de suas falas. A apresenta\u00e7\u00e3o organizada pela MotoGP nesta segunda-feira teve entrada gratuita. Boa parte da arquibancada central ficou ocupada, inclusive com apoiadores de Caiado e outros pol\u00edticos.<\/p>\n<p>Em discurso, o governador conseguiu emendar o tema da seguran\u00e7a p\u00fablica do estado ao convidar turistas. &#8220;Aqui ningu\u00e9m vai roubar seu celular&#8221;, disse.<\/p>\n<p>O contrato com a MotoGP \u00e9 de cinco anos. Para receber o Mundial, o aut\u00f3dromo passar\u00e1 por algumas reformas, com melhorias em setores como arquibancadas, boxes, acessos gerais, torres de comando, postos m\u00e9dicos, camarotes, al\u00e9m da pista. O custo estimado \u00e9 de R$ 100 milh\u00f5es.<\/p>\n<p>De acordo com o governo goiano, o investimento promovido por Goi\u00e1s para receber a corrida retornar\u00e1 ao estado por meio de impostos gerados com a promo\u00e7\u00e3o do evento, estimados em cerca de R$ 170 milh\u00f5es por edi\u00e7\u00e3o.<\/p>\n<p>Al\u00e9m do retorno para o estado de Goi\u00e1s, a MotoGP espera movimentar a ind\u00fastria ligada \u00e0s motos no pa\u00eds. &#8220;O Brasil \u00e9 um mercado important\u00edssimo para nossas marcas&#8221;, disse \u00e0 Folha Carmelo Ezpeleta. &#8220;\u00c9 o pa\u00eds mais importante da Am\u00e9rica do Sul e um polo importante para o mundo&#8221;, acrescentou o CEO da Dorna.<\/p>\n<p>De acordo com Alan Adler, a possibilidade de movimentar a ind\u00fastria foi determinante para a vinda da categoria ao pa\u00eds. &#8220;O mercado para os fabricantes de motocicletas \u00e9 muito importante. Todas as grandes marcas querem estar no Brasil&#8221;, disse o CEO da Brasil Motorsport.<\/p>\n<p>Fonte: noticiasaominuto.com.br<\/p>\n","protected":false},"excerpt":{"rendered":"<p>GOI\u00c2NIA, GO (FOLHAPRESS) &#8211; A MotoGP anuciou nesta segunda-feira (17) a data em que a<\/p>\n","protected":false},"author":0,"featured_media":48943,"comment_status":"open","ping_status":"open","sticky":false,"template":"","format":"standard","meta":{"footnotes":""},"categories":[4],"tags":[],"aioseo_notices":[],"_links":{"self":[{"href":"https:\/\/portalnewsgta.com.br\/index.php\/wp-json\/wp\/v2\/posts\/48942"}],"collection":[{"href":"https:\/\/portalnewsgta.com.br\/index.php\/wp-json\/wp\/v2\/posts"}],"about":[{"href":"https:\/\/portalnewsgta.com.br\/index.php\/wp-json\/wp\/v2\/types\/post"}],"replies":[{"embeddable":true,"href":"https:\/\/portalnewsgta.com.br\/index.php\/wp-json\/wp\/v2\/comments?post=48942"}],"version-history":[{"count":0,"href":"https:\/\/portalnewsgta.com.br\/index.php\/wp-json\/wp\/v2\/posts\/48942\/revisions"}],"wp:featuredmedia":[{"embeddable":true,"href":"https:\/\/portalnewsgta.com.br\/index.php\/wp-json\/wp\/v2\/media\/48943"}],"wp:attachment":[{"href":"https:\/\/portalnewsgta.com.br\/index.php\/wp-json\/wp\/v2\/media?parent=48942"}],"wp:term":[{"taxonomy":"category","embeddable":true,"href":"https:\/\/portalnewsgta.com.br\/index.php\/wp-json\/wp\/v2\/categories?post=48942"},{"taxonomy":"post_tag","embeddable":true,"href":"https:\/\/portalnewsgta.com.br\/index.php\/wp-json\/wp\/v2\/tags?post=48942"}],"curies":[{"name":"wp","href":"https:\/\/api.w.org\/{rel}","templated":true}]}}