{"id":48917,"date":"2025-03-17T13:44:05","date_gmt":"2025-03-17T16:44:05","guid":{"rendered":"https:\/\/portalnewsgta.com.br\/index.php\/2025\/03\/17\/cortes-na-selecao-brasileira-atrapalham-elemento-surpresa-de-dorival\/"},"modified":"2025-03-17T13:44:05","modified_gmt":"2025-03-17T16:44:05","slug":"cortes-na-selecao-brasileira-atrapalham-elemento-surpresa-de-dorival","status":"publish","type":"post","link":"https:\/\/portalnewsgta.com.br\/index.php\/2025\/03\/17\/cortes-na-selecao-brasileira-atrapalham-elemento-surpresa-de-dorival\/","title":{"rendered":"Cortes na sele\u00e7\u00e3o brasileira atrapalham elemento surpresa de Dorival"},"content":{"rendered":"<p>RIO DE JANEIRO, RJ (UOL\/FOLHAPRESS) &#8211; Na lista de convocados, um certo mist\u00e9rio. Lateral ou zagueiro? A quest\u00e3o \u00e9 que essa resposta a respeito de Danilo n\u00e3o precisou nem ser dada, frustrando os planos de Dorival J\u00fanior de uma poss\u00edvel surpresa na linha defensiva do Brasil.<\/p>\n<div class=\"dummyPub\">\u00a0<\/div>\n<p>O jogador do Flamengo foi cortado na \u00faltima sexta-feira, assim como Neymar e o goleiro Ederson.<\/p>\n<p>Alex Sandro, tamb\u00e9m do Flamengo, foi chamado no lugar dele. Esse, sim, lateral-esquerdo mesmo. A lista ficou completa com Endrick e Lucas Perri.<\/p>\n<p>A curiosidade sobre Danilo tinha duas dimens\u00f5es:<\/p>\n<p>Ver como Dorival lidaria com um capit\u00e3o que antes era chamado para a lateral-direita e h\u00e1 tempo virou zagueiro nos clubes.<\/p>\n<p>Entender como Dorival o encaixaria em uma linha defensiva que provavelmente teria tr\u00eas zagueiros. Danilo, ent\u00e3o, seria um zagueiro pela esquerda.<\/p>\n<p>Com o corte, Dorival perdeu uma carta na manga para desenhar um Brasil diferente contra Col\u00f4mbia e Argentina, pelas Eliminat\u00f3rias.<\/p>\n<p>Tanto que foi justamente isso que o t\u00e9cnico tentou esconder -n\u00e3o s\u00f3 na lista, mas tamb\u00e9m na coletiva ap\u00f3s a convoca\u00e7\u00e3o.<\/p>\n<p>&#8220;N\u00e3o vou dar sinal nenhum, tudo que eu falo aqui bate do outro lado, e facilita a prepara\u00e7\u00e3o do advers\u00e1rio. Por isso, tentamos esconder alguma coisa&#8221;, disse o treinador na ocasi\u00e3o.<\/p>\n<p>Na linha de racioc\u00ednio do treinador, a linha de defensiva tem sempre um lateral que fica mais preso, ajudando na sa\u00edda de bola, e outro que ganha liberdade para dar amplitude ao time.<\/p>\n<p>At\u00e9 ano passado, o lado esquerdo era o mais solto -com Abner e Arana, por exemplo. Danilo era justamente o mais preso, na direita.<\/p>\n<p>Como agora chamou dois laterais-direitos mais ofensivos, Vanderson e Wesley, Dorival indicou a inten\u00e7\u00e3o de inverter o eixo e &#8220;travar&#8221; mais o lado esquerdo. A\u00ed, entraria Danilo.<\/p>\n<p>Alex Sandro j\u00e1 \u00e9 tarimbado e sabe fazer a fun\u00e7\u00e3o de um defensor pela esquerda. Arana \u00e9 uma op\u00e7\u00e3o mais ofensiva. E o zagueiro Murillo ainda pode ser uma alternativa para uma proposta mais conservadora nesse aspecto.<\/p>\n<p>Na direita, Vanderson tem mais experi\u00eancia do que o estreante Wesley na sele\u00e7\u00e3o. Logo, surge como favorito para ser titular j\u00e1 diante dos colombianos, quinta-feira, no Man\u00e9 Garrincha, em Bras\u00edlia.<\/p>\n<p>E O ATAQUE?<\/p>\n<p>Neymar seria titular pela primeira vez com Dorival, mas a les\u00e3o na coxa esquerda o impediu.<\/p>\n<p>O caminho mais simples \u00e9 voltar ao desenho do quarteto ofensivo com Raphinha, Savinho, Vini Jr. e Rodrygo. Muito embora, Dorival tenha recorrido ultimamente ao sistema com um centroavante mais fixo \u2014 que na convoca\u00e7\u00e3o original, antes da volta de Endrick, seria Jo\u00e3o Pedro.<\/p>\n<p>Como conceito, Dorival quer um time com muita movimenta\u00e7\u00e3o na frente, liberdade criativa, sem esquecer da recomposi\u00e7\u00e3o defensiva:<\/p>\n<p>&#8220;O que eu quero \u00e9 liberdade de posi\u00e7\u00e3o com obriga\u00e7\u00e3o sem bola. Com esses elementos (do ataque) marcando temos condi\u00e7\u00e3o de criar muito com a bola&#8221;.<\/p>\n<p>Os treinos come\u00e7am nesta segunda (17), em Bras\u00edlia.<\/p>\n<p>Leia Tamb\u00e9m: <a href=\"https:\/\/www.noticiasaominuto.com.br\/esporte\/2268048\/o-que-voce-precisa-saber-sobre-sorteio-da-libertadores-nesta-segunda-feira-17\" target=\"_blank\" rel=\"noopener\">O que voc\u00ea precisa saber sobre sorteio da Libertadores nesta segunda-feira (17)<\/a><\/p>\n<p>Fonte: noticiasaominuto.com.br<\/p>\n","protected":false},"excerpt":{"rendered":"<p>RIO DE JANEIRO, RJ (UOL\/FOLHAPRESS) &#8211; Na lista de convocados, um certo mist\u00e9rio. Lateral ou<\/p>\n","protected":false},"author":0,"featured_media":48918,"comment_status":"open","ping_status":"open","sticky":false,"template":"","format":"standard","meta":{"footnotes":""},"categories":[4],"tags":[],"aioseo_notices":[],"_links":{"self":[{"href":"https:\/\/portalnewsgta.com.br\/index.php\/wp-json\/wp\/v2\/posts\/48917"}],"collection":[{"href":"https:\/\/portalnewsgta.com.br\/index.php\/wp-json\/wp\/v2\/posts"}],"about":[{"href":"https:\/\/portalnewsgta.com.br\/index.php\/wp-json\/wp\/v2\/types\/post"}],"replies":[{"embeddable":true,"href":"https:\/\/portalnewsgta.com.br\/index.php\/wp-json\/wp\/v2\/comments?post=48917"}],"version-history":[{"count":0,"href":"https:\/\/portalnewsgta.com.br\/index.php\/wp-json\/wp\/v2\/posts\/48917\/revisions"}],"wp:featuredmedia":[{"embeddable":true,"href":"https:\/\/portalnewsgta.com.br\/index.php\/wp-json\/wp\/v2\/media\/48918"}],"wp:attachment":[{"href":"https:\/\/portalnewsgta.com.br\/index.php\/wp-json\/wp\/v2\/media?parent=48917"}],"wp:term":[{"taxonomy":"category","embeddable":true,"href":"https:\/\/portalnewsgta.com.br\/index.php\/wp-json\/wp\/v2\/categories?post=48917"},{"taxonomy":"post_tag","embeddable":true,"href":"https:\/\/portalnewsgta.com.br\/index.php\/wp-json\/wp\/v2\/tags?post=48917"}],"curies":[{"name":"wp","href":"https:\/\/api.w.org\/{rel}","templated":true}]}}