{"id":48779,"date":"2025-03-15T13:42:55","date_gmt":"2025-03-15T16:42:55","guid":{"rendered":"https:\/\/portalnewsgta.com.br\/index.php\/2025\/03\/15\/susana-vieira-anuncia-programa-semanal-na-globo\/"},"modified":"2025-03-15T13:42:55","modified_gmt":"2025-03-15T16:42:55","slug":"susana-vieira-anuncia-programa-semanal-na-globo","status":"publish","type":"post","link":"https:\/\/portalnewsgta.com.br\/index.php\/2025\/03\/15\/susana-vieira-anuncia-programa-semanal-na-globo\/","title":{"rendered":"Susana Vieira anuncia programa semanal na Globo"},"content":{"rendered":"<p>ANA CORA LIMA<br \/>RIO DE JANEIRO, RJ (FOLHAPRESS) &#8211; Susana Vieira estreou nesta sexta-feira (14) no Rio de Janeiro a pe\u00e7a &#8220;Lady&#8221;, texto in\u00e9dito de Vana Medeiros que intercala a biografia da atriz com alguns trechos de &#8220;Macbeth&#8221;, de Shakespeare.<\/p>\n<div class=\"dummyPub\">\u00a0<\/div>\n<p>Sem freio como sempre e para desespero de sua assessoria de imprensa, ela contou que vai ter um programa semanal na Globo. &#8220;Gravei um piloto e est\u00e1 tudo certo. Devo j\u00e1 come\u00e7ar rodar mesmo no final de mar\u00e7o e estreia ainda neste semestre&#8221;, anuncia Susana.<br \/>Ela diz que fica feliz de ser lembrada pelo p\u00fablico para grandes pap\u00e9is como Odete Roitman, de &#8220;Vale Tudo&#8221;, papel que ficou com Debora Bloch.<\/p>\n<p>&#8220;As pessoas me perguntam e s\u00e3o quest\u00f5es que n\u00e3o t\u00eam respostas. N\u00e3o fui convidada e ok. Gra\u00e7as a Deus a Globo tem outro planos para mim&#8221;.<\/p>\n<p>Bem-humorada, ela completou: &#8220;Sei que todo mundo acha que sou uma atriz maravilhosa. Mas eu sou a mais acess\u00edvel do grande p\u00fablico que outras grandes atrizes. Artistas at\u00e9 melhores do que eu. Poucas, n\u00e9?&#8221;.<\/p>\n<p>Na pe\u00e7a a vida de Susana se une a trechos do autor ingl\u00eas, em uma viagem pela trajet\u00f3ria pessoal e profissional da atriz, em um texto franco e corajoso.<\/p>\n<p>&#8220;Sempre sonhei em interpretar Lady Macbeth. Gosto de todas as pe\u00e7as de Shakespeare, s\u00e3o hist\u00f3rias que envolvem os grandes defeitos que n\u00f3s temos: ego\u00edsmo, vingan\u00e7a, inveja, adult\u00e9rio e isso sempre \u00e9 atual. Estou fazendo um espet\u00e1culo que tem a ver comigo&#8221;, conclui.<\/p>\n<p>Fonte: noticiasaominuto.com.br<\/p>\n","protected":false},"excerpt":{"rendered":"<p>ANA CORA LIMARIO DE JANEIRO, RJ (FOLHAPRESS) &#8211; Susana Vieira estreou nesta sexta-feira (14) no<\/p>\n","protected":false},"author":0,"featured_media":48780,"comment_status":"open","ping_status":"open","sticky":false,"template":"","format":"standard","meta":{"footnotes":""},"categories":[6],"tags":[],"aioseo_notices":[],"_links":{"self":[{"href":"https:\/\/portalnewsgta.com.br\/index.php\/wp-json\/wp\/v2\/posts\/48779"}],"collection":[{"href":"https:\/\/portalnewsgta.com.br\/index.php\/wp-json\/wp\/v2\/posts"}],"about":[{"href":"https:\/\/portalnewsgta.com.br\/index.php\/wp-json\/wp\/v2\/types\/post"}],"replies":[{"embeddable":true,"href":"https:\/\/portalnewsgta.com.br\/index.php\/wp-json\/wp\/v2\/comments?post=48779"}],"version-history":[{"count":0,"href":"https:\/\/portalnewsgta.com.br\/index.php\/wp-json\/wp\/v2\/posts\/48779\/revisions"}],"wp:featuredmedia":[{"embeddable":true,"href":"https:\/\/portalnewsgta.com.br\/index.php\/wp-json\/wp\/v2\/media\/48780"}],"wp:attachment":[{"href":"https:\/\/portalnewsgta.com.br\/index.php\/wp-json\/wp\/v2\/media?parent=48779"}],"wp:term":[{"taxonomy":"category","embeddable":true,"href":"https:\/\/portalnewsgta.com.br\/index.php\/wp-json\/wp\/v2\/categories?post=48779"},{"taxonomy":"post_tag","embeddable":true,"href":"https:\/\/portalnewsgta.com.br\/index.php\/wp-json\/wp\/v2\/tags?post=48779"}],"curies":[{"name":"wp","href":"https:\/\/api.w.org\/{rel}","templated":true}]}}