{"id":48777,"date":"2025-03-15T13:42:51","date_gmt":"2025-03-15T16:42:51","guid":{"rendered":"https:\/\/portalnewsgta.com.br\/index.php\/2025\/03\/15\/manoel-carlos-completa-92-anos-e-recebe-carinho-da-filha\/"},"modified":"2025-03-15T13:42:51","modified_gmt":"2025-03-15T16:42:51","slug":"manoel-carlos-completa-92-anos-e-recebe-carinho-da-filha","status":"publish","type":"post","link":"https:\/\/portalnewsgta.com.br\/index.php\/2025\/03\/15\/manoel-carlos-completa-92-anos-e-recebe-carinho-da-filha\/","title":{"rendered":"Manoel Carlos completa 92 anos e recebe carinho da filha"},"content":{"rendered":"<p>ANAHI MARTINHO<br \/>S\u00c3O PAULO, SP (FOLHAPRESS) &#8211; Manoel Carlos completou 92 anos na \u00faltima sexta-feira (14). Aposentado desde 2014, o autor de novelas tem levado uma vida discreta.<\/p>\n<div class=\"dummyPub\">\u00a0<\/div>\n<p>A atriz J\u00falia Almeida, filha mais nova do autor, parabenizou o pai nas redes sociais. &#8220;Parab\u00e9ns meu pai, te amo do fundo do meu cora\u00e7\u00e3o. Feliz 92 anos. Viva 14 de mar\u00e7o!&#8221;, escreveu. Ele tamb\u00e9m \u00e9 pai de Maria Carolina.<\/p>\n<p>Maneco tamb\u00e9m \u00e9 pai de Manoel Carlos Junior, Pedro e Ricardo, todos j\u00e1 falecidos. O autor, que sofre de Parkinson, escreveu cerca de 30 telenovelas e miniss\u00e9ries, algumas que marcaram \u00e9poca, como &#8220;Por Amor&#8221;(1997), &#8220;La\u00e7os de Fam\u00edlia&#8221; (2000) e &#8220;Mulheres Apaixonadas&#8221; (2003). Sua \u00faltima novela foi &#8220;Em Fam\u00edlia&#8221; (2014).<\/p>\n<p>Nas redes sociais, amigos e colegas parabenizaram o teledramaturgo. &#8220;Parab\u00e9ns ao querid\u00edssimo Manequinho! Muita sa\u00fade, amor e paz! Saudades!&#8221;, escreveu Helena Ranaldi, que viveu a Professora Raquel de &#8220;Mulheres Apaixonadas&#8221;.<\/p>\n<p>&#8220;Muitos beijos para o Maneco e para voc\u00eas&#8221;, comentou Patr\u00edcia Poeta. Viviane Pasmanter mandou cora\u00e7\u00f5es.<\/p>\n<p>Leia Tamb\u00e9m: <a href=\"https:\/\/www.noticiasaominuto.com.br\/fama\/2267723\/susana-vieira-anuncia-programa-semanal-na-globo\" target=\"_blank\" rel=\"noopener\">Susana Vieira anuncia programa semanal na Globo<\/a><\/p>\n<p>Fonte: noticiasaominuto.com.br<\/p>\n","protected":false},"excerpt":{"rendered":"<p>ANAHI MARTINHOS\u00c3O PAULO, SP (FOLHAPRESS) &#8211; Manoel Carlos completou 92 anos na \u00faltima sexta-feira (14).<\/p>\n","protected":false},"author":0,"featured_media":48778,"comment_status":"open","ping_status":"open","sticky":false,"template":"","format":"standard","meta":{"footnotes":""},"categories":[6],"tags":[],"aioseo_notices":[],"_links":{"self":[{"href":"https:\/\/portalnewsgta.com.br\/index.php\/wp-json\/wp\/v2\/posts\/48777"}],"collection":[{"href":"https:\/\/portalnewsgta.com.br\/index.php\/wp-json\/wp\/v2\/posts"}],"about":[{"href":"https:\/\/portalnewsgta.com.br\/index.php\/wp-json\/wp\/v2\/types\/post"}],"replies":[{"embeddable":true,"href":"https:\/\/portalnewsgta.com.br\/index.php\/wp-json\/wp\/v2\/comments?post=48777"}],"version-history":[{"count":0,"href":"https:\/\/portalnewsgta.com.br\/index.php\/wp-json\/wp\/v2\/posts\/48777\/revisions"}],"wp:featuredmedia":[{"embeddable":true,"href":"https:\/\/portalnewsgta.com.br\/index.php\/wp-json\/wp\/v2\/media\/48778"}],"wp:attachment":[{"href":"https:\/\/portalnewsgta.com.br\/index.php\/wp-json\/wp\/v2\/media?parent=48777"}],"wp:term":[{"taxonomy":"category","embeddable":true,"href":"https:\/\/portalnewsgta.com.br\/index.php\/wp-json\/wp\/v2\/categories?post=48777"},{"taxonomy":"post_tag","embeddable":true,"href":"https:\/\/portalnewsgta.com.br\/index.php\/wp-json\/wp\/v2\/tags?post=48777"}],"curies":[{"name":"wp","href":"https:\/\/api.w.org\/{rel}","templated":true}]}}