{"id":48722,"date":"2025-03-15T11:39:45","date_gmt":"2025-03-15T14:39:45","guid":{"rendered":"https:\/\/portalnewsgta.com.br\/?p=48722"},"modified":"2025-03-15T11:39:45","modified_gmt":"2025-03-15T14:39:45","slug":"foragido-por-estupro-de-vulneravel-em-mg-e-preso-pela-policia-civil-em-jauru","status":"publish","type":"post","link":"https:\/\/portalnewsgta.com.br\/index.php\/2025\/03\/15\/foragido-por-estupro-de-vulneravel-em-mg-e-preso-pela-policia-civil-em-jauru\/","title":{"rendered":"Foragido por estupro de vulner\u00e1vel em MG \u00e9 preso pela Pol\u00edcia Civil em Jauru"},"content":{"rendered":"<h5>Procurado foi localizado na \u00e1rea central do munic\u00edpio onde teve a ordem de pris\u00e3o cumprida<\/h5>\n<div>Assessoria\u00a0|\u00a0Pol\u00edcia Civil-MT<\/div>\n<div><\/div>\n<div>\n<p>A Pol\u00edcia Civil, por meio da Delegacia de Roubos e Furtos (Derf) de Cuiab\u00e1, prendeu em flagrante, no fim da tarde de sexta-feira (14.3), um homem apontado como autor de, pelo menos, oito roubos a farm\u00e1cias ocorridos nos \u00faltimos dias na Capital, sendo cinco deles, no mesmo estabelecimento.<\/p>\n<p>O suspeito, de 33 anos, responder\u00e1 pelo crime de roubo majorado com uso de arma de fogo e em continuidade delitiva, com pena prevista superior a 16 anos.<\/p>\n<p>As dilig\u00eancias, que resultaram na pris\u00e3o do assaltante, iniciaram a partir da comunica\u00e7\u00e3o de um roubo ocorrido na noite de quinta-feira (13), em uma farm\u00e1cia do bairro Jardim It\u00e1lia.<\/p>\n<p>Imediatamente, os policiais civis da Derf Cuiab\u00e1 realizaram dilig\u00eancias que levaram \u00e0 localiza\u00e7\u00e3o e pris\u00e3o em flagrante do suspeito pelo crime de roubo majorado com uso de arma de fogo. Na a\u00e7\u00e3o, tamb\u00e9m foi recuperado um aparelho celular subtra\u00eddo da v\u00edtima, caixa do estabelecimento.<\/p>\n<div><picture data-fileentryid=\"70733318\"><source srcset=\"\/o\/adaptive-media\/image\/70733318\/Thumbnail-1024x1024\/WhatsApp+Image+2025-03-15+at+08.52.18.jpeg?t=1742047444372\" media=\"(max-width:1024px)\" \/><img decoding=\"async\" src=\"https:\/\/www.secom.mt.gov.br\/documents\/d\/pjc\/whatsapp-image-2025-03-15-at-08-52-18-jpeg?imageThumbnail=3\" alt=\"\" height=\"266\" \/><\/picture>\n<div id=\"imgCaption_0\" class=\"imgCaption\"><\/div>\n<\/div>\n<p>&nbsp;<\/p>\n<p>Conforme depoimento das testemunhas e an\u00e1lise de c\u00e2meras de seguran\u00e7a, foi poss\u00edvel verificar que o suspeito praticou, ao menos, cinco roubos no mesmo estabelecimento comercial nos \u00faltimos 30 dias. Ao todo, o preso foi identificado como autor de oito crimes de roubo.<\/p>\n<p>\u201cO suspeito agia sempre da mesma forma, se dirigia at\u00e9 as farm\u00e1cias com arma de fogo e abordava funcion\u00e1rios e clientes, subtraindo dinheiro em esp\u00e9cie do caixa, aparelhos celulares e outros objetos, gerando grande temor nas v\u00edtimas\u201d, explicou o delegado da Derf, respons\u00e1vel pelas investiga\u00e7\u00f5es, Romildo Nogueira.<\/p>\n<p>O delegado contou que na lavratura do auto em pris\u00e3o em flagrante foi pedida a pris\u00e3o preventiva do suspeito, &#8220;em raz\u00e3o de sua habitualidade delitiva e como forma de garantia da ordem p\u00fablica e paz social&#8221;.<\/p>\n<\/div>\n","protected":false},"excerpt":{"rendered":"<p>Procurado foi localizado na \u00e1rea central do munic\u00edpio onde teve a ordem de pris\u00e3o cumprida<\/p>\n","protected":false},"author":2,"featured_media":48723,"comment_status":"open","ping_status":"open","sticky":false,"template":"","format":"standard","meta":{"footnotes":""},"categories":[13,8],"tags":[670],"aioseo_notices":[],"_links":{"self":[{"href":"https:\/\/portalnewsgta.com.br\/index.php\/wp-json\/wp\/v2\/posts\/48722"}],"collection":[{"href":"https:\/\/portalnewsgta.com.br\/index.php\/wp-json\/wp\/v2\/posts"}],"about":[{"href":"https:\/\/portalnewsgta.com.br\/index.php\/wp-json\/wp\/v2\/types\/post"}],"author":[{"embeddable":true,"href":"https:\/\/portalnewsgta.com.br\/index.php\/wp-json\/wp\/v2\/users\/2"}],"replies":[{"embeddable":true,"href":"https:\/\/portalnewsgta.com.br\/index.php\/wp-json\/wp\/v2\/comments?post=48722"}],"version-history":[{"count":1,"href":"https:\/\/portalnewsgta.com.br\/index.php\/wp-json\/wp\/v2\/posts\/48722\/revisions"}],"predecessor-version":[{"id":48724,"href":"https:\/\/portalnewsgta.com.br\/index.php\/wp-json\/wp\/v2\/posts\/48722\/revisions\/48724"}],"wp:featuredmedia":[{"embeddable":true,"href":"https:\/\/portalnewsgta.com.br\/index.php\/wp-json\/wp\/v2\/media\/48723"}],"wp:attachment":[{"href":"https:\/\/portalnewsgta.com.br\/index.php\/wp-json\/wp\/v2\/media?parent=48722"}],"wp:term":[{"taxonomy":"category","embeddable":true,"href":"https:\/\/portalnewsgta.com.br\/index.php\/wp-json\/wp\/v2\/categories?post=48722"},{"taxonomy":"post_tag","embeddable":true,"href":"https:\/\/portalnewsgta.com.br\/index.php\/wp-json\/wp\/v2\/tags?post=48722"}],"curies":[{"name":"wp","href":"https:\/\/api.w.org\/{rel}","templated":true}]}}