{"id":48710,"date":"2025-03-15T10:43:03","date_gmt":"2025-03-15T13:43:03","guid":{"rendered":"https:\/\/portalnewsgta.com.br\/index.php\/2025\/03\/15\/reporter-da-globo-que-ja-pesou-136-kg-mostra-fisico-atual\/"},"modified":"2025-03-15T10:43:03","modified_gmt":"2025-03-15T13:43:03","slug":"reporter-da-globo-que-ja-pesou-136-kg-mostra-fisico-atual","status":"publish","type":"post","link":"https:\/\/portalnewsgta.com.br\/index.php\/2025\/03\/15\/reporter-da-globo-que-ja-pesou-136-kg-mostra-fisico-atual\/","title":{"rendered":"Rep\u00f3rter da Globo que j\u00e1 pesou 136 kg mostra f\u00edsico atual"},"content":{"rendered":"<p>Luiza Zveiter, de 42 anos, abriu o cora\u00e7\u00e3o sobre sua jornada ap\u00f3s realizar uma cirurgia bari\u00e1trica aos 18 anos, quando pesava 136 kg. Em um v\u00eddeo publicado no Instagram, a rep\u00f3rter destacou os ganhos em sa\u00fade como o principal benef\u00edcio da mudan\u00e7a. &#8220;Comparado ao meu corpo anterior, realmente \u00e9 um corpa\u00e7o. Mas \u00e9 um corpo que me leva para todos os lugares, que tem sa\u00fade&#8221;, afirmou. Ela tamb\u00e9m mencionou os desafios, como flacidez, cicatrizes e estrias, que a motivam a manter uma rotina de cuidados e exerc\u00edcios f\u00edsicos.<\/p>\n<div class=\"dummyPub\">\u00a0<\/div>\n<p>Orgulhosa de sua trajet\u00f3ria, Luiza celebrou suas conquistas pessoais desde a cirurgia. &#8220;Eu me acho f*da, a palavra \u00e9 essa. Quando eu olho para mim mesma e comparo com a Luiza de 136 kg, eu vejo o quanto evolu\u00ed&#8221;, disse. A rep\u00f3rter ressaltou que a transforma\u00e7\u00e3o f\u00edsica vai al\u00e9m da est\u00e9tica, representando uma supera\u00e7\u00e3o pessoal.<\/p>\n<p>Luiza tamb\u00e9m revelou j\u00e1 ter realizado outros procedimentos cir\u00fargicos e comentou sobre futuras interven\u00e7\u00f5es que considera. &#8220;Tenho muita flacidez no interno de coxa, um lugar que eu queria operar. J\u00e1 fiz algumas pl\u00e1sticas, mas essa regi\u00e3o ainda \u00e9 algo que preciso trabalhar&#8221;, afirmou.<\/p>\n<p>O depoimento inspirador da jornalista enfatiza a import\u00e2ncia de se cuidar e valorizar o pr\u00f3prio corpo. Ao compartilhar sua experi\u00eancia, Luiza trouxe reflex\u00f5es sobre autoestima, sa\u00fade e aceita\u00e7\u00e3o das marcas que fazem parte de sua trajet\u00f3ria.<\/p>\n<p>Leia Tamb\u00e9m: <a href=\"https:\/\/www.noticiasaominuto.com.br\/fama\/2267718\/empresario-mata-companheira-com-29-facadas-e-liga-familia-fiz-besteira\" target=\"_blank\" rel=\"noopener\">Empres\u00e1rio mata companheira com 29 facadas e liga fam\u00edlia: &#8216;fiz besteira&#8217;<\/a><\/p>\n<p>Fonte: noticiasaominuto.com.br<\/p>\n","protected":false},"excerpt":{"rendered":"<p>Luiza Zveiter, de 42 anos, abriu o cora\u00e7\u00e3o sobre sua jornada ap\u00f3s realizar uma cirurgia<\/p>\n","protected":false},"author":0,"featured_media":48711,"comment_status":"open","ping_status":"open","sticky":false,"template":"","format":"standard","meta":{"footnotes":""},"categories":[6],"tags":[],"aioseo_notices":[],"_links":{"self":[{"href":"https:\/\/portalnewsgta.com.br\/index.php\/wp-json\/wp\/v2\/posts\/48710"}],"collection":[{"href":"https:\/\/portalnewsgta.com.br\/index.php\/wp-json\/wp\/v2\/posts"}],"about":[{"href":"https:\/\/portalnewsgta.com.br\/index.php\/wp-json\/wp\/v2\/types\/post"}],"replies":[{"embeddable":true,"href":"https:\/\/portalnewsgta.com.br\/index.php\/wp-json\/wp\/v2\/comments?post=48710"}],"version-history":[{"count":0,"href":"https:\/\/portalnewsgta.com.br\/index.php\/wp-json\/wp\/v2\/posts\/48710\/revisions"}],"wp:featuredmedia":[{"embeddable":true,"href":"https:\/\/portalnewsgta.com.br\/index.php\/wp-json\/wp\/v2\/media\/48711"}],"wp:attachment":[{"href":"https:\/\/portalnewsgta.com.br\/index.php\/wp-json\/wp\/v2\/media?parent=48710"}],"wp:term":[{"taxonomy":"category","embeddable":true,"href":"https:\/\/portalnewsgta.com.br\/index.php\/wp-json\/wp\/v2\/categories?post=48710"},{"taxonomy":"post_tag","embeddable":true,"href":"https:\/\/portalnewsgta.com.br\/index.php\/wp-json\/wp\/v2\/tags?post=48710"}],"curies":[{"name":"wp","href":"https:\/\/api.w.org\/{rel}","templated":true}]}}