{"id":48544,"date":"2025-03-13T13:43:29","date_gmt":"2025-03-13T16:43:29","guid":{"rendered":"https:\/\/portalnewsgta.com.br\/index.php\/2025\/03\/13\/apartamento-de-renato-russo-esta-a-venda-em-ipanema-por-r-28-milhoes\/"},"modified":"2025-03-13T13:43:29","modified_gmt":"2025-03-13T16:43:29","slug":"apartamento-de-renato-russo-esta-a-venda-em-ipanema-por-r-28-milhoes","status":"publish","type":"post","link":"https:\/\/portalnewsgta.com.br\/index.php\/2025\/03\/13\/apartamento-de-renato-russo-esta-a-venda-em-ipanema-por-r-28-milhoes\/","title":{"rendered":"Apartamento de Renato Russo est\u00e1 \u00e0 venda em Ipanema por R$ 2,8 milh\u00f5es"},"content":{"rendered":"<p>(FOLHAPRESS) &#8211; Eternizada na can\u00e7\u00e3o &#8220;Carta ao Tom 74&#8221;, de Vinicius de Moraes e Toquinho, a rua Nascimento Silva, em Ipanema, zona sul do Rio de Janeiro, era o ref\u00fagio de outro morador ilustre al\u00e9m de Tom Jobim (1927-1994): o tamb\u00e9m cantor e compositor Renato Russo (1960-1996), l\u00edder da Legi\u00e3o Urbana.<\/p>\n<div class=\"dummyPub\">\u00a0<\/div>\n<p>O apartamento de 136 m\u00b2, com tr\u00eas quartos, duas salas, e outros c\u00f4modos amplos, onde o m\u00fasico morou entre 1990 e 1996, est\u00e1 sendo negociado sem alarde no mercado imobili\u00e1rio.<\/p>\n<p>Avaliada em R$ 2,8 milh\u00f5es, a propriedade est\u00e1 situada nesta rua tranquila, entre a Lagoa Rodrigo de Freitas e a praia de Ipanema. O pr\u00e9dio tem um apartamento por andar, e o im\u00f3vel ainda preserva caracter\u00edsticas antigas, como a mesa embutida no quarto onde Renato criou cinco discos e posou algumas vezes para reportagens com a sua cole\u00e7\u00e3o de CDs e livros que ultrapassava cinco mil itens.<\/p>\n<p>Ap\u00f3s a morte do artista, aos 36 anos, em decorr\u00eancia da Aids, o im\u00f3vel foi herdado pelo filho Giuliano Manfredini, 36, que na ocasi\u00e3o tinha sete anos. O apartamento recebe em m\u00e9dia entre duas e tr\u00eas visitas por m\u00eas de clientes realmente interessados em compr\u00e1-lo. &#8220;Tem muito curioso tamb\u00e9m&#8221;, diz ao F5 Jefferson Joviano, da Joviano Im\u00f3veis.<\/p>\n<p>&#8220;Nos fins de semana meu telefone n\u00e3o para, todo mundo perguntando sobre o im\u00f3vel, querendo agendar visita, \u00e9 DDD de fora direto&#8221;, conta. Isso fez com que ele passasse a filtrar as visitas, principalmente para evitar aqueles que s\u00f3 querem estar no mesmo local onde o m\u00fasico viveu at\u00e9 os seus \u00faltimos dias.<\/p>\n<p>Ele conta que, na maioria das vezes, liga\u00e7\u00f5es de outros estados s\u00e3o de f\u00e3s que est\u00e3o no Rio a turismo e querem ter a chance de visitar o lar do \u00eddolo, se passando por clientes. Entretanto, algumas perguntas espec\u00edficas feitas pelo corretor ajudam a separar quem est\u00e1 efetivamente interessado daqueles que anseiam somente saciar uma curiosidade.<\/p>\n<p>Como o an\u00fancio na Internet n\u00e3o faz men\u00e7\u00e3o ao morador famoso, \u00e9 comum tamb\u00e9m o cliente desconhecer a informa\u00e7\u00e3o, e quando descobrem in loco, reagem com surpresa. &#8220;\u00c9 uma euforia, querem ficar mais tempo, reparam em cada detalhe&#8221;.<\/p>\n<p>Mas existem aqueles tamb\u00e9m de uma faixa et\u00e1ria madura que n\u00e3o demonstram o mesmo entusiasmo. A presen\u00e7a de f\u00e3s na entrada do pr\u00e9dio de tr\u00eas andares \u00e9 comum, cuja portaria estampou a capa do CD Stonewall Celebration, de 1994. H\u00e1 quase tr\u00eas d\u00e9cadas, eles visitam o local, n\u00e3o fazem algazarra, tiram fotos, observam fixamente as duas janelas da sala, como se estivessem mais pr\u00f3ximos do \u00eddolo.<\/p>\n<p>O im\u00f3vel est\u00e1 \u00e0 venda desde 2023, discretamente, por op\u00e7\u00e3o do herdeiro, por isso, de modo geral, apenas admiradores do artista e alguns moradores do bairro tinham ci\u00eancia. Al\u00e9m disso, a venda \u00e9 exclusiva do corretor. O apartamento 201 est\u00e1 fechado desde a morte do c\u00e9lebre dono, e durante duas d\u00e9cadas abrigou seu vasto acervo, mas sempre sem residentes. O item mais novo s\u00e3o alguns aparelhos de ar-condicionado split que foram instalados para conserva\u00e7\u00e3o de alguns objetos que seriam catalogados para uma exposi\u00e7\u00e3o.<\/p>\n<p>O REF\u00daGIO DO \u00cdCONE DE UMA JUVENTUDE INQUIETA<\/p>\n<p>O edif\u00edcio constru\u00eddo em 1938 com fachada de tijolos aparentes se mant\u00e9m original, n\u00e3o tem elevador e nem porteiro e conta com uma vaga de garagem por morador. Joviano informa que nenhuma obra foi realizada ap\u00f3s o falecimento do artista, e ressalta como pontos altos a localiza\u00e7\u00e3o e a metragem.<\/p>\n<p>Outro detalhe que chama aten\u00e7\u00e3o \u00e9 o bom estado do piso de taco, considerando a longevidade da edifica\u00e7\u00e3o. O valor condom\u00ednio \u00e9 de R$ 1,5 mil. O ator Mauricio Branco era amigo pr\u00f3ximo de Renato e costumava frequentar sua casa. &#8220;Em uma sala tinha sof\u00e1s, mesinhas com porta retratos da fam\u00edlia; na outra, uma mesa de madeira de quatro lugares onde ele adorava fazer sess\u00f5es de tar\u00f4 para os amigos e oferecer jantares de comida japonesa&#8221;, lembra.<\/p>\n<p>O ator descreveu a decora\u00e7\u00e3o como a de uma cl\u00e1ssica casa de fam\u00edlia tradicional. &#8220;Tinha almofadas de estampa florida, um cachorrinho de pedra e tudo muito colorido, os vasos sempre tinham l\u00edrios e girass\u00f3is trocados a cada quatro dias&#8221;.<\/p>\n<p>Branco recorda-se da cole\u00e7\u00e3o de CDs, filmes e livros no home-office montado no quarto. &#8220;Ali ele lia, escrevia e fazia sess\u00f5es de cinema. Um sintetizador e um viol\u00e3o tamb\u00e9m ficavam ali, al\u00e9m dos discos de ouro e platina. Pass\u00e1vamos tardes falando sobre a vida&#8221;, contou.<\/p>\n<p>No outro quarto onde Renato dormia, havia uma cama azul queen size e muitas almofadas. Ele tamb\u00e9m rememorou a religiosidade do amigo: &#8220;Imagens de santos estavam em lugares de destaque, ele era muito cat\u00f3lico. Festas eram raras, ele gostava de receber formalmente, n\u00e3o oferecia bebidas alco\u00f3licas, mas caprichava na comida&#8221;.<\/p>\n<p>Em um post em sua rede social, o cantor Paulo Ricardo lembrou de um momento curioso, quando foi buscar o m\u00fasico em casa em 1996 para irem \u00e0 gravadora Som Livre, em Botafogo, e deparou-se com Renato usando camisa florida, bermuda e chinelos para ir ao compromisso.<\/p>\n<p>O \u00edcone do rock, que soube expressar as inquietudes dos jovens brasileiros, tinha um \u00f3timo conv\u00edvio com os moradores de longa data do pr\u00e9dio, segundo uma vizinha que n\u00e3o quis se identificar. Renato era uma pessoa simples, gostava de alugar filmes, ouvir m\u00fasica, e n\u00e3o tinha um s\u00e9quito de funcion\u00e1rios em casa, somente uma secret\u00e1ria que organizava compromissos e uma diarista que geralmente realizava a limpeza quando ele estava no est\u00fadio.<\/p>\n<p>O apartamento n\u00e3o est\u00e1 totalmente vazio, ainda restam no local um sof\u00e1 de dois lugares, e um aparador de madeira, que poder\u00e3o ser negociados no ato da compra. Al\u00e9m desses dois artigos, um imenso painel com a imagem do artista no palco, encontra-se parcialmente desmontado e apoiado na parede da sala.<\/p>\n<p>Em um dos espa\u00e7os onde ele passava mais tempo (o quarto), o corretor salientou uma &#8216;recorda\u00e7\u00e3o&#8217; deixada pelo artista: &#8220;Tem uma marca de queimadura de cigarro dele na mesa, que continua l\u00e1&#8221;. Na garagem, repousa um \u00d4mega GLS cor verde, ano 1996, que tamb\u00e9m pertencia ao m\u00fasico.<\/p>\n<p>O autom\u00f3vel n\u00e3o est\u00e1 \u00e0 venda por enquanto, embora propostas sejam recorrentes, mas Joviano avisa que a compra do im\u00f3vel n\u00e3o inclui o ve\u00edculo, que ter\u00e1 outro destino quando a venda for concretizada.<\/p>\n<p>Em 25 de julho de 2023, o pr\u00e9dio recebeu a placa azul de Patrim\u00f4nio Cultural da Prefeitura do Rio de Janeiro, fazendo parte do Circuito da M\u00fasica. Em 12 anos de carreira, a Legi\u00e3o Urbana vendeu quase seis milh\u00f5es de c\u00f3pias dos oito discos lan\u00e7ados entre 1985 e 1997. Renato ainda gravou dois \u00e1lbuns solo: &#8220;Stonewall Celebration&#8221; em ingl\u00eas e &#8220;Equil\u00edbrio Distante&#8221;, em italiano.<\/p>\n<p>EX-COBERTURA DO POETINHA EST\u00c1 DISPON\u00cdVEL PARA LOCA\u00c7\u00c3O<\/p>\n<p>A 700 metros da resid\u00eancia de Renato, na rua Prudente de Morais, no edif\u00edcio do Teatro Ipanema (hoje Teatro Rubens Corr\u00eaa), viveu outro poeta: Vin\u00edcius de Moraes. Na cobertura superior a 100 metros quadrados moraram mais tarde o filho dele, Pedro de Moraes (1942-2022) e a esposa, a atriz Vera Valdez (1\u2060\u00aa manequim brasileira da Chanel) e a filha, a cantora e atriz Mariana de Moraes.<\/p>\n<p>A fam\u00edlia do atual propriet\u00e1rio, Alexandre Veiga, adquiriu o im\u00f3vel h\u00e1 quase tr\u00eas d\u00e9cadas, onde dividiu a propriedade em duas unidades e a viabilizou para arrendamento por temporada em plataformas como Airbnb, com di\u00e1rias a partir de R$ 700. O apartamento maior conta com terra\u00e7o, bar e sauna, e acomoda at\u00e9 tr\u00eas pessoas. Na outra unidade, cabem quatro h\u00f3spedes.<\/p>\n<p>Indagado sobre a rea\u00e7\u00e3o dos h\u00f3spedes quando descobrem que ali viveu uma personalidade not\u00f3ria, Veiga respondeu: &#8220;sempre ficam felizes em saber que est\u00e3o no lar que pertenceu ao Vinicius e tamb\u00e9m ficam encantados com a hist\u00f3ria do teatro de 1968.&#8221;<\/p>\n<p>Leia Tamb\u00e9m: <a href=\"https:\/\/www.noticiasaominuto.com.br\/fama\/2266980\/filha-trans-de-naomi-watts-faz-sua-estreia-na-semana-de-moda-de-paris\" target=\"_blank\" rel=\"noopener\">Filha trans de Naomi Watts faz sua estreia na semana de moda de Paris<\/a><\/p>\n<p>Fonte: noticiasaominuto.com.br<\/p>\n","protected":false},"excerpt":{"rendered":"<p>(FOLHAPRESS) &#8211; Eternizada na can\u00e7\u00e3o &#8220;Carta ao Tom 74&#8221;, de Vinicius de Moraes e Toquinho,<\/p>\n","protected":false},"author":0,"featured_media":48545,"comment_status":"open","ping_status":"open","sticky":false,"template":"","format":"standard","meta":{"footnotes":""},"categories":[6],"tags":[],"aioseo_notices":[],"_links":{"self":[{"href":"https:\/\/portalnewsgta.com.br\/index.php\/wp-json\/wp\/v2\/posts\/48544"}],"collection":[{"href":"https:\/\/portalnewsgta.com.br\/index.php\/wp-json\/wp\/v2\/posts"}],"about":[{"href":"https:\/\/portalnewsgta.com.br\/index.php\/wp-json\/wp\/v2\/types\/post"}],"replies":[{"embeddable":true,"href":"https:\/\/portalnewsgta.com.br\/index.php\/wp-json\/wp\/v2\/comments?post=48544"}],"version-history":[{"count":0,"href":"https:\/\/portalnewsgta.com.br\/index.php\/wp-json\/wp\/v2\/posts\/48544\/revisions"}],"wp:featuredmedia":[{"embeddable":true,"href":"https:\/\/portalnewsgta.com.br\/index.php\/wp-json\/wp\/v2\/media\/48545"}],"wp:attachment":[{"href":"https:\/\/portalnewsgta.com.br\/index.php\/wp-json\/wp\/v2\/media?parent=48544"}],"wp:term":[{"taxonomy":"category","embeddable":true,"href":"https:\/\/portalnewsgta.com.br\/index.php\/wp-json\/wp\/v2\/categories?post=48544"},{"taxonomy":"post_tag","embeddable":true,"href":"https:\/\/portalnewsgta.com.br\/index.php\/wp-json\/wp\/v2\/tags?post=48544"}],"curies":[{"name":"wp","href":"https:\/\/api.w.org\/{rel}","templated":true}]}}