{"id":48498,"date":"2025-03-13T08:24:10","date_gmt":"2025-03-13T11:24:10","guid":{"rendered":"https:\/\/portalnewsgta.com.br\/?p=48498"},"modified":"2025-03-13T08:24:10","modified_gmt":"2025-03-13T11:24:10","slug":"aumento-de-16-na-conta-de-luz-impulsiona-inflacao-entenda","status":"publish","type":"post","link":"https:\/\/portalnewsgta.com.br\/index.php\/2025\/03\/13\/aumento-de-16-na-conta-de-luz-impulsiona-inflacao-entenda\/","title":{"rendered":"Aumento de 16% na conta de luz impulsiona infla\u00e7\u00e3o; entenda"},"content":{"rendered":"<div class=\"col-xs-12 col-sm-12 col-md-12 col-lg-12 mb10\">\n<div class=\"row\">\n<div class=\"col-xs-12 col-sm-12 col-md-12 col-lg-12 mb15\">\n<div class=\"row\">\n<div class=\"col-xs-12 col-sm-11 col-md-11 col-lg-11 autorer\"><span class=\"autores_fontes_nome\">Jo\u00e3o Freitas<\/span><\/p>\n<p class=\"autores_fontes_email\">redacao@gazetadigital.com.br<\/p>\n<\/div>\n<\/div>\n<\/div>\n<\/div>\n<\/div>\n<div class=\"col-xs-12 col-sm-12 col-md-12 col-lg-12 mb30\">\n<p class=\"credito-1\">Jo\u00e3o Vieira<\/p>\n<p><span class=\"img-conteudo pull-left\"><a href=\"https:\/\/www.gazetadigital.com.br\/storage\/webdisco\/2021\/04\/16\/1200x900\/9a04526c98c74cb41a2df0598ade5395.jpg\" data-fancybox=\"gallery\" data-caption=\"Jo\u00e3o Vieira \"><img decoding=\"async\" src=\"https:\/\/www.gazetadigital.com.br\/storage\/webdisco\/2021\/04\/16\/431x285\/9a04526c98c74cb41a2df0598ade5395.jpg\" alt=\"Jo\u00e3o Vieira \" \/><\/a><\/span><\/p>\n<p class=\"img-conteudo-desc\">\n<div id=\"text-content\" class=\"mb20\">\n<p>Aumento de 16% na conta de luz puxa maior infla\u00e7\u00e3o para fevereiro nos \u00faltimos 22 anos. No \u00faltimo m\u00eas, o \u00cdndice Nacional de Pre\u00e7os ao Consumidor Amplo (IPCA) fechou em 1,31% &#8211; 1,15 ponto percentual acima da taxa registrada em janeiro &#8211; e atingiu o n\u00edvel mais elevado desde mar\u00e7o de 2022. Em 2025, o indicador acumula alta de 1,47%, enquanto o acumulado dos \u00faltimos 12 meses o avan\u00e7o foi de 5,06%. Entre os nove grupos de produtos e servi\u00e7os pesquisados, a maior varia\u00e7\u00e3o foi registrada pelos grupos educa\u00e7\u00e3o (4,70% e 0,28 p.p.) e habita\u00e7\u00e3o (4,44%), respons\u00e1vel pelo maior impacto (0,65 p.p.) no \u00edndice do m\u00eas.<\/p>\n<p>&nbsp;<\/p>\n<p>Segundo o gerente do IPCA, Fernando Gon\u00e7alves, a escalada dos gastos com energia el\u00e9trica residencial &#8211; que exerceu o maior impacto (0.65 p.p.) do m\u00eas &#8211; foi reflexo do fim da incorpora\u00e7\u00e3o do B\u00f4nus de Itaipu, que concedeu descontos em faturas no m\u00eas de janeiro. Com isso, o subitem energia el\u00e9trica residencial passou de uma queda de 14,21% em janeiro para uma alta de 16,80% em fevereiro. Em rela\u00e7\u00e3o \u00e0s despesas relacionadas \u00e0 educa\u00e7\u00e3o, o analista explica que a majora\u00e7\u00e3o aumento se deu em raz\u00e3o dos reajustes nas mensalidades escolares praticados no in\u00edcio do ano letivo.<\/p>\n<p>&nbsp;<\/p>\n<p><strong>Alimentos se mant\u00e9m em patamar elevado<\/strong><\/p>\n<p>De acordo com o Instituto Brasileiro de Geografia e Estat\u00edstica (IBGE), alimentos e bebidas tiveram varia\u00e7\u00e3o de 0,7% e impacto de 0,15 p.p. na alta mensal. O grupo desacelerou quase 1% em rela\u00e7\u00e3o a janeiro (0,96%) mesmo com as altas expressivas do ovo de galinha (+15,3%) e do caf\u00e9 mo\u00eddo (+10,7%). Enquanto a prote\u00edna subiu diante do crescimento das exporta\u00e7\u00f5es em fun\u00e7\u00e3o dos casos de gripe avi\u00e1ria registrados nos Estados Unidos, o gr\u00e3o sofreu problemas no andamento da safra decorrentes do clima desfavor\u00e1vel, o que reduziu a oferta.<\/p>\n<p>&nbsp;<\/p>\n<p>Na vis\u00e3o do economista Emanuel Daubian, a condu\u00e7\u00e3o econ\u00f4mica adotada pelo presidente dos Estados Unidos, Donald Trump, tem influ\u00eancia no encarecimento dos produtos para o consumidor no Brasil e no mundo. A imposi\u00e7\u00e3o de tarifas e a ado\u00e7\u00e3o de pol\u00edtica protecionista para estimular a ind\u00fastria norte-americana provocam uma disparada nos custos de importa\u00e7\u00e3o e das despesas operacionais para produtores brasileiros. No entanto, a tend\u00eancia \u00e9 que a infla\u00e7\u00e3o de alimentos seja normalizada de forma gradativa, conforme o avan\u00e7o da comercializa\u00e7\u00e3o da safra brasileira no mercado internacional.<\/p>\n<\/div>\n<\/div>\n","protected":false},"excerpt":{"rendered":"<p>Jo\u00e3o Freitas redacao@gazetadigital.com.br Jo\u00e3o Vieira Aumento de 16% na conta de luz puxa maior infla\u00e7\u00e3o<\/p>\n","protected":false},"author":2,"featured_media":48499,"comment_status":"open","ping_status":"open","sticky":false,"template":"","format":"standard","meta":{"footnotes":""},"categories":[7,13],"tags":[],"aioseo_notices":[],"_links":{"self":[{"href":"https:\/\/portalnewsgta.com.br\/index.php\/wp-json\/wp\/v2\/posts\/48498"}],"collection":[{"href":"https:\/\/portalnewsgta.com.br\/index.php\/wp-json\/wp\/v2\/posts"}],"about":[{"href":"https:\/\/portalnewsgta.com.br\/index.php\/wp-json\/wp\/v2\/types\/post"}],"author":[{"embeddable":true,"href":"https:\/\/portalnewsgta.com.br\/index.php\/wp-json\/wp\/v2\/users\/2"}],"replies":[{"embeddable":true,"href":"https:\/\/portalnewsgta.com.br\/index.php\/wp-json\/wp\/v2\/comments?post=48498"}],"version-history":[{"count":1,"href":"https:\/\/portalnewsgta.com.br\/index.php\/wp-json\/wp\/v2\/posts\/48498\/revisions"}],"predecessor-version":[{"id":48500,"href":"https:\/\/portalnewsgta.com.br\/index.php\/wp-json\/wp\/v2\/posts\/48498\/revisions\/48500"}],"wp:featuredmedia":[{"embeddable":true,"href":"https:\/\/portalnewsgta.com.br\/index.php\/wp-json\/wp\/v2\/media\/48499"}],"wp:attachment":[{"href":"https:\/\/portalnewsgta.com.br\/index.php\/wp-json\/wp\/v2\/media?parent=48498"}],"wp:term":[{"taxonomy":"category","embeddable":true,"href":"https:\/\/portalnewsgta.com.br\/index.php\/wp-json\/wp\/v2\/categories?post=48498"},{"taxonomy":"post_tag","embeddable":true,"href":"https:\/\/portalnewsgta.com.br\/index.php\/wp-json\/wp\/v2\/tags?post=48498"}],"curies":[{"name":"wp","href":"https:\/\/api.w.org\/{rel}","templated":true}]}}