{"id":48494,"date":"2025-03-13T08:21:33","date_gmt":"2025-03-13T11:21:33","guid":{"rendered":"https:\/\/portalnewsgta.com.br\/?p=48494"},"modified":"2025-03-13T08:21:33","modified_gmt":"2025-03-13T11:21:33","slug":"mendes-cortar-icms-nao-vai-reduzir-inflacao-dos-alimentos","status":"publish","type":"post","link":"https:\/\/portalnewsgta.com.br\/index.php\/2025\/03\/13\/mendes-cortar-icms-nao-vai-reduzir-inflacao-dos-alimentos\/","title":{"rendered":"Mendes: cortar ICMS n\u00e3o vai reduzir infla\u00e7\u00e3o dos alimentos"},"content":{"rendered":"<section class=\"FullLine\">\n<div class=\"conteudo\">\n<h3>Governo Federal quer que governadores baixem o imposto nos estados para reduzir os pre\u00e7os<\/h3>\n<\/div>\n<\/section>\n<section>\n<div class=\"FullLine\">\n<div class=\"conteudo_foto\">\n<div class=\"imgcontent\">\n<p class=\"credito_foto\">Victor Ostetti\/MidiaNews<\/p>\n<p class=\"descricao_foto\">O governador Mauro Mendes, que comentou sobre proposta do Governo Federal<\/p>\n<\/div>\n<\/div>\n<div class=\"Font14Bold\">VIT\u00d3RIA GOMES E C\u00cdNTIA BORGES<br \/>\nDA REDA\u00c7\u00c3O<\/div>\n<div id=\"texto\" class=\"texto\">\n<p>O governador Mauro Mendes (Uni\u00e3o) disse nesta ter\u00e7a-feira (11) que uma eventual redu\u00e7\u00e3o do ICMS\u00a0(Imposto sobre Circula\u00e7\u00e3o de Mercadorias e Servi\u00e7os)\u00a0dos alimentos, proposta pelo Governo Federal aos estados, n\u00e3o vai resultar na queda dos pre\u00e7os.<\/p>\n<p>&nbsp;<\/p>\n<div class=\"quote-wrapper right\">\n<div class=\"quote-img-wrapper right\"><img decoding=\"async\" class=\"quote-img right\" src=\"https:\/\/www.midianews.com.br\/images\/aspas_right.gif\" \/><\/div>\n<h2 class=\"quote-content\">Hoje os alimentos est\u00e3o caros no Brasil porque os juros est\u00e3o caros, porque o d\u00f3lar est\u00e1 caro, porque a infla\u00e7\u00e3o est\u00e1 fugindo ao controle, pois o Governo Federal infelizmente n\u00e3o fez a li\u00e7\u00e3o de casa<\/h2>\n<\/div>\n<p>Em 2024, os alimentos ficaram 7,7% mais caros em rela\u00e7\u00e3o a 2023, de acordo com o IPCA (\u00cdndice Nacional de Pre\u00e7os ao Consumidor Amplo), que \u00e9 a infla\u00e7\u00e3o oficial.<\/p>\n<p>&nbsp;<\/p>\n<p>Em uma medida excepcional, o Governo Lula (PT) anunciou que iria zerar os impostos federais sobre importa\u00e7\u00f5es de alguns produtos como carne, caf\u00e9 e milho para mitigar a infla\u00e7\u00e3o. E provocou os governadores a adotarem a medida e reduzir o imposto estadual.<\/p>\n<p>&nbsp;<\/p>\n<p>Mendes garantiu que n\u00e3o deve adotar a medida no Estado, pois Mato Grosso j\u00e1 pratica a al\u00edquota dos alimentos de modo reduzido.<\/p>\n<div id=\"taboola-mid-article-thumbnails\" class=\"trc_related_container tbl-trecs-container trc_spotlight_widget trc_elastic trc_elastic_alternating-thumbnails-a-mid-article\" data-placement-name=\"Mid Article Thumbnails\">\n<div class=\"trc_rbox_container\">\n<div>\n<div id=\"trc_wrapper_3691620109\" class=\"trc_rbox alternating-thumbnails-a-mid-article trc-content-hybrid\">\n<div id=\"trc_header_3691620109\" class=\"trc_rbox_header trc_rbox_border_elm\">\n<div class=\"trc_header_ext\"><\/div>\n<\/div>\n<\/div>\n<\/div>\n<\/div>\n<\/div>\n<p>&nbsp;<\/p>\n<p>\u201cNo Estado de Mato Grosso os itens s\u00e3o isentos ou t\u00eam percentual extremamente baixos. O que est\u00e1 causando infla\u00e7\u00e3o alta n\u00e3o \u00e9 isso. Se eu reduzir 1% n\u00e3o \u00e9 isso que vai mudar o valor dos alimentos no Estado\u201d, afirmou \u00e0 imprensa.<\/p>\n<p>&nbsp;<\/p>\n<p>\u201cHoje, os alimentos est\u00e3o caros no Brasil porque os juros est\u00e3o caros, porque o d\u00f3lar est\u00e1 caro, porque a infla\u00e7\u00e3o est\u00e1 fugindo ao controle, pois o Governo Federal infelizmente n\u00e3o fez a li\u00e7\u00e3o de casa\u201d, completou.<\/p>\n<p>&nbsp;<\/p>\n<p>Mendes responsabilizou o Governo Federal pela alta nos pre\u00e7os ao afirmar que \u00faltimos presidentes t\u00eam tido muitos gastos, impactando diretamente no desequil\u00edbrio fiscal que ocorre no pa\u00eds.<\/p>\n<p>&nbsp;<\/p>\n<p>\u201cH\u00e1 muitos anos o Governo Federal vem tendo d\u00e9ficit prim\u00e1rio, ou seja, gasta mais do que arrecada. Os juros sobes, a d\u00edvida cresce, o desequilibro fiscal est\u00e1 chegando na conta do cidad\u00e3o brasileiro\u201d, disse.<\/p>\n<p>&nbsp;<\/p>\n<p><strong>&#8220;Li\u00e7\u00e3o de casa&#8221;<\/strong><\/p>\n<p>&nbsp;<\/p>\n<p>Ao criticar o Governo Federal, Mendes lembrou quando assumiu o governo do Estado em 2019 e encontrou Mato Grosso em uma situa\u00e7\u00e3o financeira complicada.<\/p>\n<p>&nbsp;<\/p>\n<p>Segundo ele, foram necess\u00e1rias medidas \u201cduras\u201d para conseguir colocar a economia nos eixos.<\/p>\n<p>&nbsp;<\/p>\n<p>\u201cEu estou muito tranquilo porque em Mato Grosso n\u00f3s fizemos a li\u00e7\u00e3o de casa. Em 2019 pegamos um Governo totalmente desequilibrado. Em vez de fazer gracinha, como a maioria dos pol\u00edticos gosta de fazer, eu fui trabalhar\u201d, afirmou.<\/p>\n<p>&nbsp;<\/p>\n<p>\u201cHoje somos o Estado que mais investe no Brasil. J\u00e1 estamos quatro anos consecutivos investindo pr\u00f3ximo de 20%. Essa \u00e9 a li\u00e7\u00e3o que eu devolvo ao Governo Federal. N\u00f3s temos que fazer o dever, temos que cuidar das contas p\u00fablicas\u201d, completou.<\/p>\n<p>&nbsp;<\/p>\n<p>\u201cSe o Governo Federal tivesse feito isso, n\u00e3o estaria precisando fazer esse tipo de coisa que, a meu ver, n\u00e3o vai resolver\u201d.<\/p>\n<p>&nbsp;<\/p>\n<p><strong>Veja v\u00eddeo:<\/strong><\/p>\n<p>&nbsp;<\/p>\n<div class=\"texto-extra\">\n<div style=\"width: 640px;\" class=\"wp-video\"><!--[if lt IE 9]><script>document.createElement('video');<\/script><![endif]-->\n<video class=\"wp-video-shortcode\" id=\"video-48494-1\" width=\"640\" height=\"362\" preload=\"metadata\" controls=\"controls\"><source type=\"video\/mp4\" src=\"https:\/\/portalnewsgta.com.br\/wp-content\/uploads\/2025\/03\/6fa4128bd79f53e7dcaab7a8156c3fd4.mp4?_=1\" \/><a href=\"https:\/\/portalnewsgta.com.br\/wp-content\/uploads\/2025\/03\/6fa4128bd79f53e7dcaab7a8156c3fd4.mp4\">https:\/\/portalnewsgta.com.br\/wp-content\/uploads\/2025\/03\/6fa4128bd79f53e7dcaab7a8156c3fd4.mp4<\/a><\/video><\/div>\n<\/div>\n<\/div>\n<\/div>\n<\/section>\n","protected":false},"excerpt":{"rendered":"<p>Governo Federal quer que governadores baixem o imposto nos estados para reduzir os pre\u00e7os Victor<\/p>\n","protected":false},"author":2,"featured_media":48495,"comment_status":"open","ping_status":"open","sticky":false,"template":"","format":"standard","meta":{"footnotes":""},"categories":[13,2],"tags":[871],"aioseo_notices":[],"_links":{"self":[{"href":"https:\/\/portalnewsgta.com.br\/index.php\/wp-json\/wp\/v2\/posts\/48494"}],"collection":[{"href":"https:\/\/portalnewsgta.com.br\/index.php\/wp-json\/wp\/v2\/posts"}],"about":[{"href":"https:\/\/portalnewsgta.com.br\/index.php\/wp-json\/wp\/v2\/types\/post"}],"author":[{"embeddable":true,"href":"https:\/\/portalnewsgta.com.br\/index.php\/wp-json\/wp\/v2\/users\/2"}],"replies":[{"embeddable":true,"href":"https:\/\/portalnewsgta.com.br\/index.php\/wp-json\/wp\/v2\/comments?post=48494"}],"version-history":[{"count":1,"href":"https:\/\/portalnewsgta.com.br\/index.php\/wp-json\/wp\/v2\/posts\/48494\/revisions"}],"predecessor-version":[{"id":48497,"href":"https:\/\/portalnewsgta.com.br\/index.php\/wp-json\/wp\/v2\/posts\/48494\/revisions\/48497"}],"wp:featuredmedia":[{"embeddable":true,"href":"https:\/\/portalnewsgta.com.br\/index.php\/wp-json\/wp\/v2\/media\/48495"}],"wp:attachment":[{"href":"https:\/\/portalnewsgta.com.br\/index.php\/wp-json\/wp\/v2\/media?parent=48494"}],"wp:term":[{"taxonomy":"category","embeddable":true,"href":"https:\/\/portalnewsgta.com.br\/index.php\/wp-json\/wp\/v2\/categories?post=48494"},{"taxonomy":"post_tag","embeddable":true,"href":"https:\/\/portalnewsgta.com.br\/index.php\/wp-json\/wp\/v2\/tags?post=48494"}],"curies":[{"name":"wp","href":"https:\/\/api.w.org\/{rel}","templated":true}]}}