{"id":48488,"date":"2025-03-13T08:18:28","date_gmt":"2025-03-13T11:18:28","guid":{"rendered":"https:\/\/portalnewsgta.com.br\/?p=48488"},"modified":"2025-03-13T08:18:28","modified_gmt":"2025-03-13T11:18:28","slug":"pivetta-quer-alianca-forte-com-centro-direita-boa-composicao","status":"publish","type":"post","link":"https:\/\/portalnewsgta.com.br\/index.php\/2025\/03\/13\/pivetta-quer-alianca-forte-com-centro-direita-boa-composicao\/","title":{"rendered":"Pivetta quer alian\u00e7a forte com centro-direita: \u201cBoa composi\u00e7\u00e3o\u201d"},"content":{"rendered":"<section class=\"FullLine\">\n<div class=\"conteudo\">\n<h3>Vice-governador disse estar conversando com siglas para fechar alian\u00e7a visando sucess\u00e3o de Mendes<\/h3>\n<\/div>\n<\/section>\n<section>\n<div class=\"FullLine\">\n<div class=\"conteudo_foto\">\n<div class=\"imgcontent\">\n<p class=\"credito_foto\">Divulga\u00e7\u00e3o<\/p>\n<p><a href=\"https:\/\/www.midianews.com.br\/\/storage\/webdisco\/2025\/02\/18\/886x590\/47dc5a41b92c84ba4a424461e5b64771.jpg\" rel=\"lightbox\" data-title=\"O vice-governador Otaviano Pivetta, que comentou sobre articula\u00e7\u00f5es visando as elei\u00e7\u00f5es de 2026\"><img loading=\"lazy\" decoding=\"async\" id=\"img_conteudo\" class=\"img-responsive\" src=\"https:\/\/www.midianews.com.br\/\/storage\/webdisco\/2025\/02\/18\/438x291\/47dc5a41b92c84ba4a424461e5b64771.jpg\" alt=\"O vice-governador Otaviano Pivetta, que comentou sobre articula\u00e7\u00f5es visando as elei\u00e7\u00f5es de 2026\" width=\"438\" height=\"292\" border=\"0\" \/><\/a><\/p>\n<p class=\"descricao_foto\">O vice-governador Otaviano Pivetta, que comentou sobre articula\u00e7\u00f5es visando as elei\u00e7\u00f5es de 2026<\/p>\n<\/div>\n<\/div>\n<div class=\"Font14Bold\">C\u00cdNTIA BORGES E VIT\u00d3RIA GOMES<br \/>\nDA REDA\u00c7\u00c3O<\/div>\n<div id=\"texto\" class=\"texto\">\n<p>O vice-governador de Mato Grosso, Otaviano Pivetta (Republicanos), afirmou que est\u00e1 otimista quanto \u00e0 continuidade do arco de alian\u00e7as que sustenta o Governo do Estado, visando as elei\u00e7\u00f5es de 2026.<\/p>\n<p>&nbsp;<\/p>\n<div class=\"quote-wrapper right\">\n<div class=\"quote-img-wrapper right\"><img decoding=\"async\" class=\"quote-img right\" src=\"https:\/\/www.midianews.com.br\/images\/aspas_right.gif\" \/><\/div>\n<h2 class=\"quote-content\">Estamos conversando com todos os partidos de centro-direita. Eu estou muito otimista<\/h2>\n<\/div>\n<p>Pivetta \u00e9 o nome apoiado pelo atual governador, Mauro Mendes (Uni\u00e3o), para sucess\u00e3o. Mendes deve concorrer ao Senado no pleito do ano que vem.<\/p>\n<p>&nbsp;<\/p>\n<p>Segundo o vice, o grupo pol\u00edtico liderado por Mendes tem apresentado resultados positivos, o que fortalece a manuten\u00e7\u00e3o da coaliz\u00e3o.<\/p>\n<p>&nbsp;<\/p>\n<p>&#8220;N\u00f3s estamos conversando com todos os partidos de centro-direita. Estou muito otimista, tenho muita esperan\u00e7a de que consigamos fazer uma boa composi\u00e7\u00e3o\u201d, afirmou \u00e0 imprensa nesta quarta-feira (11).<\/p>\n<div id=\"taboola-mid-article-thumbnails\" class=\"trc_related_container tbl-trecs-container trc_spotlight_widget trc_elastic trc_elastic_alternating-thumbnails-a-mid-article\" data-placement-name=\"Mid Article Thumbnails\">\n<div class=\"trc_rbox_container\">\n<div>\n<div id=\"trc_wrapper_7190879577\" class=\"trc_rbox alternating-thumbnails-a-mid-article trc-content-hybrid\">\n<div id=\"trc_header_7190879577\" class=\"trc_rbox_header trc_rbox_border_elm\">\n<div class=\"trc_header_ext\"><\/div>\n<\/div>\n<\/div>\n<\/div>\n<\/div>\n<\/div>\n<p>&nbsp;<\/p>\n<p>\u201cN\u00e3o vamos vender a alma, mas vamos procurar o maior n\u00famero de mato-grossenses para fazer o Estado continuar prosperando&#8221;, emendou.<\/p>\n<p>&nbsp;<\/p>\n<p>Al\u00e9m do\u00a0Uni\u00e3o e Republicanos, siglas de Mendes e Pivetta, respectivamente, figuram\u00a0no arco de alian\u00e7as do governo o PSDB, Cidadania, PL, MDB, Podemos, PSB, PRD e PP.<\/p>\n<p>&nbsp;<\/p>\n<p>Ocorre que o PL, por exemplo, j\u00e1 anunciou o desejo em lan\u00e7ar uma candidatura ao Governo no ano que vem.<\/p>\n<p>&nbsp;<\/p>\n<p>Questionado sobre os desafios para manter a alian\u00e7a entre as siglas, Pivetta reconheceu que existem &#8220;problemas localizados e alguma insatisfa\u00e7\u00e3o pol\u00edtica&#8221;, mas minimizou o impacto dessas quest\u00f5es.<\/p>\n<p>&nbsp;<\/p>\n<div class=\"quote-wrapper left\">\n<div class=\"quote-img-wrapper left\"><img decoding=\"async\" class=\"quote-img left\" src=\"https:\/\/www.midianews.com.br\/images\/aspas_left.gif\" \/><\/div>\n<h2 class=\"quote-content\">Estou me preparando. Me preparei a vida toda e continuo para ser candidato a governador<\/h2>\n<\/div>\n<p>&#8220;O governo que o Mauro lidera \u00e9, notadamente, reconhecido como exitoso. Isso n\u00e3o tem questionamento. O grupo inteiro reconhece que o Governo est\u00e1 indo bem nas linhas gerais&#8221;, afirmou.<\/p>\n<p>&nbsp;<\/p>\n<p><strong>\u201cVeremos\u201d<\/strong><\/p>\n<p>&nbsp;<\/p>\n<p>Caso Mendes dispute o Senado, ele dever\u00e1 renunciar at\u00e9 o fim de mar\u00e7o do ano que vem. Com isso, o vice-governador assume o cargo. Apesar do cen\u00e1rio poss\u00edvel, Pivetta adotou um tom cauteloso.<\/p>\n<p>&nbsp;<\/p>\n<p>&#8220;Estou me preparando. Me preparei a vida toda e continuo para ser candidato a governador. Se o Mauro decidir concorrer ao Senado, \u00e9 uma decis\u00e3o exclusivamente dele\u201d, disse.<\/p>\n<p>&nbsp;<\/p>\n<p>\u201cN\u00e3o tivemos at\u00e9 hoje uma conversa para firmar compromisso sobre isso. Nem eu cobrei, nem ele falou. Isso est\u00e1 em &#8216;veremos'&#8221;, emendou.<\/p>\n<p>&nbsp;<\/p>\n<p>Mesmo sem confirma\u00e7\u00e3o oficial, o vice-governador afirmou que estar\u00e1 pronto para assumir a gest\u00e3o, caso necess\u00e1rio. &#8220;N\u00e3o se preocupe, se isso vier a acontecer, estarei preparado. A nossa equipe de governo \u00e9 uma equipe muito competente, preparada, tem plano 1, 2, 3&#8221;, afirmou.<\/p>\n<\/div>\n<\/div>\n<\/section>\n","protected":false},"excerpt":{"rendered":"<p>Vice-governador disse estar conversando com siglas para fechar alian\u00e7a visando sucess\u00e3o de Mendes Divulga\u00e7\u00e3o O<\/p>\n","protected":false},"author":2,"featured_media":48489,"comment_status":"open","ping_status":"open","sticky":false,"template":"","format":"standard","meta":{"footnotes":""},"categories":[13,2],"tags":[536],"aioseo_notices":[],"_links":{"self":[{"href":"https:\/\/portalnewsgta.com.br\/index.php\/wp-json\/wp\/v2\/posts\/48488"}],"collection":[{"href":"https:\/\/portalnewsgta.com.br\/index.php\/wp-json\/wp\/v2\/posts"}],"about":[{"href":"https:\/\/portalnewsgta.com.br\/index.php\/wp-json\/wp\/v2\/types\/post"}],"author":[{"embeddable":true,"href":"https:\/\/portalnewsgta.com.br\/index.php\/wp-json\/wp\/v2\/users\/2"}],"replies":[{"embeddable":true,"href":"https:\/\/portalnewsgta.com.br\/index.php\/wp-json\/wp\/v2\/comments?post=48488"}],"version-history":[{"count":1,"href":"https:\/\/portalnewsgta.com.br\/index.php\/wp-json\/wp\/v2\/posts\/48488\/revisions"}],"predecessor-version":[{"id":48490,"href":"https:\/\/portalnewsgta.com.br\/index.php\/wp-json\/wp\/v2\/posts\/48488\/revisions\/48490"}],"wp:featuredmedia":[{"embeddable":true,"href":"https:\/\/portalnewsgta.com.br\/index.php\/wp-json\/wp\/v2\/media\/48489"}],"wp:attachment":[{"href":"https:\/\/portalnewsgta.com.br\/index.php\/wp-json\/wp\/v2\/media?parent=48488"}],"wp:term":[{"taxonomy":"category","embeddable":true,"href":"https:\/\/portalnewsgta.com.br\/index.php\/wp-json\/wp\/v2\/categories?post=48488"},{"taxonomy":"post_tag","embeddable":true,"href":"https:\/\/portalnewsgta.com.br\/index.php\/wp-json\/wp\/v2\/tags?post=48488"}],"curies":[{"name":"wp","href":"https:\/\/api.w.org\/{rel}","templated":true}]}}