{"id":48478,"date":"2025-03-13T08:10:45","date_gmt":"2025-03-13T11:10:45","guid":{"rendered":"https:\/\/portalnewsgta.com.br\/?p=48478"},"modified":"2025-03-13T08:10:45","modified_gmt":"2025-03-13T11:10:45","slug":"video-mostra-mae-agredindo-diretora-de-creche-em-mt-veja","status":"publish","type":"post","link":"https:\/\/portalnewsgta.com.br\/index.php\/2025\/03\/13\/video-mostra-mae-agredindo-diretora-de-creche-em-mt-veja\/","title":{"rendered":"V\u00eddeo mostra m\u00e3e agredindo diretora de creche em MT; veja"},"content":{"rendered":"<section class=\"FullLine\">\n<div class=\"conteudo\">\n<h3>Funcion\u00e1rias tentaram ajudar a v\u00edtima; caso aconteceu em unidade no munic\u00edpio de Juara<\/h3>\n<\/div>\n<\/section>\n<section>\n<div class=\"FullLine\">\n<div class=\"conteudo_foto\">\n<div class=\"imgcontent\">\n<p class=\"credito_foto\">Reprodu\u00e7\u00e3o<\/p>\n<p><a href=\"https:\/\/www.midianews.com.br\/\/storage\/webdisco\/2025\/03\/12\/886x590\/b280def674b49916109bda2d76e7866f.jpg\" rel=\"lightbox\" data-title=\"Trechos mostram sequ\u00eancia de agress\u00f5es sofridas pela v\u00edtima; suspeita foi presa \"><img loading=\"lazy\" decoding=\"async\" id=\"img_conteudo\" class=\"img-responsive\" src=\"https:\/\/www.midianews.com.br\/\/storage\/webdisco\/2025\/03\/12\/438x291\/b280def674b49916109bda2d76e7866f.jpg\" alt=\"Trechos mostram sequ\u00eancia de agress\u00f5es sofridas pela v\u00edtima; suspeita foi presa \" width=\"438\" height=\"292\" border=\"0\" \/><\/a><\/p>\n<p class=\"descricao_foto\">Trechos mostram sequ\u00eancia de agress\u00f5es sofridas pela v\u00edtima; suspeita foi presa<\/p>\n<\/div>\n<\/div>\n<div class=\"Font14Bold\">LIZ BRUNETTO<br \/>\nDA REDA\u00c7\u00c3O<\/div>\n<div id=\"texto\" class=\"texto\">\n<p>Uma mulher de 24 anos foi presa nesta ter\u00e7a-feira (11) ap\u00f3s ter agredido a diretora da Creche Municipal Madre Paulina, em que a filha estuda, no Munic\u00edpio de Juara (a 655 quil\u00f4metros de Cuiab\u00e1).<\/p>\n<div class=\"quote-wrapper right\">\n<div class=\"quote-img-wrapper right\"><img decoding=\"async\" class=\"quote-img right\" src=\"https:\/\/www.midianews.com.br\/images\/aspas_right.gif\" \/><\/div>\n<h2 class=\"quote-content\">Eu vou voltar sua desgra\u00e7a, se eu for presa<\/h2>\n<\/div>\n<p>&nbsp;<\/p>\n<p>Um v\u00eddeo registrado por uma das testemunhas mostra a agress\u00e3o.<\/p>\n<p>&nbsp;<\/p>\n<p>\u201cEla vai me pagar\u201d, diz a mulher que logo puxa violentamente o cabelo da v\u00edtima, de 58 anos, e a derruba no ch\u00e3o.<\/p>\n<p>&nbsp;<\/p>\n<p>Enquanto isso, uma testemunha tenta ajudar a diretora. \u201cSolta, solta ela\u201d.<\/p>\n<div id=\"taboola-mid-article-thumbnails\" class=\"trc_related_container tbl-trecs-container trc_spotlight_widget trc_elastic trc_elastic_alternating-thumbnails-a-mid-article\" data-placement-name=\"Mid Article Thumbnails\">\n<div class=\"trc_rbox_container\">\n<div id=\"trc_wrapper_1717692342\" class=\"trc_rbox alternating-thumbnails-a-mid-article trc-content-hybrid\">\n<div id=\"trc_header_1717692342\" class=\"trc_rbox_header trc_rbox_border_elm\">\n<div class=\"trc_header_ext\"><\/div>\n<\/div>\n<\/div>\n<\/div>\n<\/div>\n<p>Com a v\u00edtima no ch\u00e3o, a suspeita a arrasta pelos cabelos, enquanto a testemunha tenta segur\u00e1-la pela cintura.<\/p>\n<p>&nbsp;<\/p>\n<p>\u201cChama a Pol\u00edcia\u201d, diz uma pessoa. \u00a0\u201cEu j\u00e1 liguei\u201d, grita outra.<\/p>\n<p>&nbsp;<\/p>\n<p>A mulher vai embora amea\u00e7ando a v\u00edtima: \u201cEu vou voltar, sua desgra\u00e7a, se eu for presa\u201d.<\/p>\n<div class=\"quote-wrapper left\">\n<div class=\"quote-img-wrapper left\"><img decoding=\"async\" class=\"quote-img left\" src=\"https:\/\/www.midianews.com.br\/images\/aspas_left.gif\" \/><\/div>\n<h2 class=\"quote-content\">Lhe derrubou ao solo, puxou seus cabelos, deu socos e tapas em seu rosto<\/h2>\n<\/div>\n<p>&nbsp;<\/p>\n<p>Um registro da Pol\u00edcia Militar confirma a pris\u00e3o e informa que nesta quarta-feira (12) a diretora procurou a delegacia de Juara e registrou um boletim de ocorr\u00eancia contra a m\u00e3e.<\/p>\n<p>&nbsp;<\/p>\n<p>\u201cLhe derrubou ao solo, puxou seus cabelos, deu socos e tapas em seu rosto, que funcion\u00e1rios da escola tentaram ajudar a diretora, mais a suspeita estava bem agressiva\u201d, consta em um trecho.<\/p>\n<p>&nbsp;<\/p>\n<p>O documento cita as amea\u00e7as: \u201cQue quando sa\u00edsse da cadeia iria matar todo mundo da escola\u201d.<\/p>\n<p>&nbsp;<\/p>\n<p>A reportagem tentou contato com a unidade escolar e com a Prefeitura da cidade, mas n\u00e3o obteve retorno.<\/p>\n<p>&nbsp;<\/p>\n<p><strong>Motiva\u00e7\u00e3o<\/strong><\/p>\n<p>&nbsp;<\/p>\n<p>Conforme a imprensa local, a confus\u00e3o aconteceu porque a m\u00e3e quis tirar a filha da unidade antes do hor\u00e1rio e se recusou a justificar o motivo.<\/p>\n<p>&nbsp;<\/p>\n<p>O caso \u00e9 investigado pela Pol\u00edcia.<\/p>\n<p>&nbsp;<\/p>\n<p><strong>Veja:<\/strong><\/p>\n<div style=\"width: 640px;\" class=\"wp-video\"><!--[if lt IE 9]><script>document.createElement('video');<\/script><![endif]-->\n<video class=\"wp-video-shortcode\" id=\"video-48478-1\" width=\"640\" height=\"360\" preload=\"metadata\" controls=\"controls\"><source type=\"video\/mp4\" src=\"https:\/\/portalnewsgta.com.br\/wp-content\/uploads\/2025\/03\/24bd7fa260a1654ee78af74c62b40f69.mp4?_=1\" \/><a href=\"https:\/\/portalnewsgta.com.br\/wp-content\/uploads\/2025\/03\/24bd7fa260a1654ee78af74c62b40f69.mp4\">https:\/\/portalnewsgta.com.br\/wp-content\/uploads\/2025\/03\/24bd7fa260a1654ee78af74c62b40f69.mp4<\/a><\/video><\/div>\n<div class=\"texto-extra\">\n<p>&nbsp;<\/p>\n<\/div>\n<\/div>\n<\/div>\n<\/section>\n<section>\n<div class=\"FullLine\"><\/div>\n<\/section>\n<div class=\"row\">\n<div class=\"col-sm-12\"><\/div>\n<\/div>\n","protected":false},"excerpt":{"rendered":"<p>Funcion\u00e1rias tentaram ajudar a v\u00edtima; caso aconteceu em unidade no munic\u00edpio de Juara Reprodu\u00e7\u00e3o Trechos<\/p>\n","protected":false},"author":2,"featured_media":48480,"comment_status":"open","ping_status":"open","sticky":false,"template":"","format":"standard","meta":{"footnotes":""},"categories":[7,13],"tags":[868],"aioseo_notices":[],"_links":{"self":[{"href":"https:\/\/portalnewsgta.com.br\/index.php\/wp-json\/wp\/v2\/posts\/48478"}],"collection":[{"href":"https:\/\/portalnewsgta.com.br\/index.php\/wp-json\/wp\/v2\/posts"}],"about":[{"href":"https:\/\/portalnewsgta.com.br\/index.php\/wp-json\/wp\/v2\/types\/post"}],"author":[{"embeddable":true,"href":"https:\/\/portalnewsgta.com.br\/index.php\/wp-json\/wp\/v2\/users\/2"}],"replies":[{"embeddable":true,"href":"https:\/\/portalnewsgta.com.br\/index.php\/wp-json\/wp\/v2\/comments?post=48478"}],"version-history":[{"count":1,"href":"https:\/\/portalnewsgta.com.br\/index.php\/wp-json\/wp\/v2\/posts\/48478\/revisions"}],"predecessor-version":[{"id":48481,"href":"https:\/\/portalnewsgta.com.br\/index.php\/wp-json\/wp\/v2\/posts\/48478\/revisions\/48481"}],"wp:featuredmedia":[{"embeddable":true,"href":"https:\/\/portalnewsgta.com.br\/index.php\/wp-json\/wp\/v2\/media\/48480"}],"wp:attachment":[{"href":"https:\/\/portalnewsgta.com.br\/index.php\/wp-json\/wp\/v2\/media?parent=48478"}],"wp:term":[{"taxonomy":"category","embeddable":true,"href":"https:\/\/portalnewsgta.com.br\/index.php\/wp-json\/wp\/v2\/categories?post=48478"},{"taxonomy":"post_tag","embeddable":true,"href":"https:\/\/portalnewsgta.com.br\/index.php\/wp-json\/wp\/v2\/tags?post=48478"}],"curies":[{"name":"wp","href":"https:\/\/api.w.org\/{rel}","templated":true}]}}