{"id":48432,"date":"2025-03-12T17:43:02","date_gmt":"2025-03-12T20:43:02","guid":{"rendered":"https:\/\/portalnewsgta.com.br\/index.php\/2025\/03\/12\/joao-guilherme-se-pronuncia-pela-primeira-vez-sobre-termino-com-bruna-marquezine\/"},"modified":"2025-03-12T17:43:02","modified_gmt":"2025-03-12T20:43:02","slug":"joao-guilherme-se-pronuncia-pela-primeira-vez-sobre-termino-com-bruna-marquezine","status":"publish","type":"post","link":"https:\/\/portalnewsgta.com.br\/index.php\/2025\/03\/12\/joao-guilherme-se-pronuncia-pela-primeira-vez-sobre-termino-com-bruna-marquezine\/","title":{"rendered":"Jo\u00e3o Guilherme se pronuncia pela primeira vez sobre t\u00e9rmino com Bruna Marquezine"},"content":{"rendered":"<p>RIO DE JANEIRO, RJ (FOLHAPRESS) &#8211; Jo\u00e3o Guilherme, 23, se pronunciou pela primeira vez sobre o t\u00e9rmino com Bruna Marquezine, 29, quase um m\u00eas ap\u00f3s o fim do relacionamento. O ator foi questionado por um jornalista nesta ter\u00e7a-feira (11) sobre o estado do seu cora\u00e7\u00e3o ap\u00f3s a separa\u00e7\u00e3o.<\/p>\n<div class=\"dummyPub\">\u00a0<\/div>\n<p>Em um v\u00eddeo que circula nas redes, um rep\u00f3rter pergunta ao ator: &#8220;Como est\u00e1 o cora\u00e7\u00e3o depois do t\u00e9rmino com a Bruna?&#8221; Ele, ent\u00e3o, responde: &#8220;Meu cora\u00e7\u00e3o est\u00e1 \u00f3timo. Muito obrigado pelo cuidado.&#8221;<\/p>\n<p>Em seguida, o jornalista tamb\u00e9m questiona se o artista continua a amizade com Marquezine, e Jo\u00e3o Guilherme dispara: &#8220;Sempre&#8221;.<\/p>\n<p>Jo\u00e3o Guilherme e Bruna Marquezine namoraram por aproximadamente um ano. O casal assumiu o relacionamento publicamente em agosto de 2024, depois de muitos rumores e flagras dos atores juntos. Em comunicado emitido pela assessoria de imprensa da atriz, foi revelado que o t\u00e9rmino aconteceu &#8220;de forma amig\u00e1vel&#8221;.<\/p>\n<p>No in\u00edcio de fevereiro, o casal protagonizou uma pol\u00eamica em Goi\u00e1s, na comemora\u00e7\u00e3o do anivers\u00e1rio de Jo\u00e3o na fazenda Talism\u00e3. Durante o final de semana na fazenda, a atriz se recusou a posar para fotos com parentes do namorado. Bruna ficou de fora do retrato oficial de anivers\u00e1rio, por exemplo, com Leonardo, a esposa dele, Poliana e os cunhados Z\u00e9 Felipe e Virg\u00ednia Fonseca.<\/p>\n<p>Leia Tamb\u00e9m: <a href=\"https:\/\/www.noticiasaominuto.com.br\/fama\/2266739\/tj-nega-habeas-corpus-de-eduardo-costa-apos-condenacao-em-caso-fernanda-lima\" target=\"_blank\" rel=\"noopener\">TJ nega habeas corpus de Eduardo Costa ap\u00f3s condena\u00e7\u00e3o em caso Fernanda Lima<\/a><\/p>\n<p>Fonte: noticiasaominuto.com.br<\/p>\n","protected":false},"excerpt":{"rendered":"<p>RIO DE JANEIRO, RJ (FOLHAPRESS) &#8211; Jo\u00e3o Guilherme, 23, se pronunciou pela primeira vez sobre<\/p>\n","protected":false},"author":0,"featured_media":48433,"comment_status":"open","ping_status":"open","sticky":false,"template":"","format":"standard","meta":{"footnotes":""},"categories":[6],"tags":[],"aioseo_notices":[],"_links":{"self":[{"href":"https:\/\/portalnewsgta.com.br\/index.php\/wp-json\/wp\/v2\/posts\/48432"}],"collection":[{"href":"https:\/\/portalnewsgta.com.br\/index.php\/wp-json\/wp\/v2\/posts"}],"about":[{"href":"https:\/\/portalnewsgta.com.br\/index.php\/wp-json\/wp\/v2\/types\/post"}],"replies":[{"embeddable":true,"href":"https:\/\/portalnewsgta.com.br\/index.php\/wp-json\/wp\/v2\/comments?post=48432"}],"version-history":[{"count":0,"href":"https:\/\/portalnewsgta.com.br\/index.php\/wp-json\/wp\/v2\/posts\/48432\/revisions"}],"wp:featuredmedia":[{"embeddable":true,"href":"https:\/\/portalnewsgta.com.br\/index.php\/wp-json\/wp\/v2\/media\/48433"}],"wp:attachment":[{"href":"https:\/\/portalnewsgta.com.br\/index.php\/wp-json\/wp\/v2\/media?parent=48432"}],"wp:term":[{"taxonomy":"category","embeddable":true,"href":"https:\/\/portalnewsgta.com.br\/index.php\/wp-json\/wp\/v2\/categories?post=48432"},{"taxonomy":"post_tag","embeddable":true,"href":"https:\/\/portalnewsgta.com.br\/index.php\/wp-json\/wp\/v2\/tags?post=48432"}],"curies":[{"name":"wp","href":"https:\/\/api.w.org\/{rel}","templated":true}]}}