{"id":48426,"date":"2025-03-12T16:43:18","date_gmt":"2025-03-12T19:43:18","guid":{"rendered":"https:\/\/portalnewsgta.com.br\/index.php\/2025\/03\/12\/tj-nega-habeas-corpus-de-eduardo-costa-apos-condenacao-em-caso-fernanda-lima\/"},"modified":"2025-03-12T16:43:18","modified_gmt":"2025-03-12T19:43:18","slug":"tj-nega-habeas-corpus-de-eduardo-costa-apos-condenacao-em-caso-fernanda-lima","status":"publish","type":"post","link":"https:\/\/portalnewsgta.com.br\/index.php\/2025\/03\/12\/tj-nega-habeas-corpus-de-eduardo-costa-apos-condenacao-em-caso-fernanda-lima\/","title":{"rendered":"TJ nega habeas corpus de Eduardo Costa ap\u00f3s condena\u00e7\u00e3o em caso Fernanda Lima"},"content":{"rendered":"<p>S\u00c3O PAULO, SP (UOL\/FOLHAPRESS) &#8211; A Justi\u00e7a do Rio de Janeiro negou pedido de habeas corpus apresentado pela defesa de Eduardo Costa no processo aberto por Fernanda Lima.<\/p>\n<div class=\"dummyPub\">\u00a0<\/div>\n<p>Cantor, que foi condenado a prestar servi\u00e7os comunit\u00e1rios, havia pedido a transfer\u00eancia do cumprimento da pena do Rio de Janeiro para Minas Gerais. A justi\u00e7a ainda n\u00e3o analisou o m\u00e9rito. A informa\u00e7\u00e3o foi confirmada ao UOL pelos advogados do artista.<\/p>\n<p>&#8220;O habeas corpus teve como fundamento a transfer\u00eancia do local do cumprimento da presta\u00e7\u00e3o de servi\u00e7os. A defesa busca que os servi\u00e7os sejam prestados por Eduardo em seu domic\u00edlio, fator que n\u00e3o altera em nada o cumprimento e sequer, altera o ju\u00edzo da execu\u00e7\u00e3o de pena&#8221;, diz a defesa de Eduardo Costa.<\/p>\n<p>Decis\u00e3o \u00e9 do desembargador Luiz M\u00e1rcio Pereira, da Quarta C\u00e2mara Criminal. &#8220;N\u00e3o se vislumbra constrangimento ilegal na decis\u00e3o da Primeira Turma Recursal Criminal que negou a liminar requerida, a qual est\u00e1 devidamente fundamentada, apontando a viabilidade do cumprimento da pena sem que haja demasiada interfer\u00eancia na agenda do condenado&#8221;. justificou.<\/p>\n<p><span class=\"news_bold\">&#8216;BEIRAM A M\u00c1-F\u00c9&#8217;<\/span><\/p>\n<p>TJ n\u00e3o tem oferecido vida f\u00e1cil para a defesa do sertanejo. Os argumentos apresentados at\u00e9 o momento n\u00e3o convenceram a ju\u00edza Maria Tereza Donatti. Os advogados alegam que a realiza\u00e7\u00e3o do trabalho, na capital fluminense, poderia comprometer o sustento da fam\u00edlia. A ju\u00edza chamou o argumento de c\u00f4mico em decis\u00e3o publicada no dia 14 de fevereiro.<\/p>\n<p>&#8220;Nenhum dos argumentos apontados pela defesa se sustenta e chega a ser ris\u00edvel a alega\u00e7\u00e3o de que o cumprimento da presta\u00e7\u00e3o de servi\u00e7os comprometeria a subsist\u00eancia do apenado e de sua fam\u00edlia&#8221;, disse a ju\u00edza Maria Tereza Donatti.<\/p>\n<p>As broncas n\u00e3o param por a\u00ed. O Tribunal de Justi\u00e7a tamb\u00e9m contestou as alega\u00e7\u00f5es da defesa sobre supostas irregularidades na intima\u00e7\u00e3o do m\u00fasico. Segundo a magistrada, elas &#8220;beiram a m\u00e1-f\u00e9&#8221;.<\/p>\n<p><span class=\"news_bold\">ENTENDA A TRETA<\/span><\/p>\n<p>A pol\u00eamica envolvendo Fernanda Lima e Eduardo Costa teve in\u00edcio em 2018, ap\u00f3s a apresentadora ser alvo de ataques feitos pelo cantor. Na ocasi\u00e3o, ele se revoltou com discurso feminista e progressista da apresentadora, em tom de condena\u00e7\u00e3o ao conservadorismo no programa Amor &amp; Sexo (Globo).<\/p>\n<p>Eduardo chamou Fernanda de &#8220;imbecil&#8221;, afirmou que o programa comandado por ela era &#8220;esquerdista&#8221; e &#8220;destinado a bandidos e maconheiros&#8221;, al\u00e9m de sugerir que Fernanda se utilizava de &#8220;mamata&#8221; na emissora. &#8220;Essa imbecil com esse discurso esquerdista! Ela pode ter certeza de uma coisa, a mamata vai acabar, a corda sempre arrebenta pro lado mais fraco e o lado mais fraco hoje \u00e9 o que ela est\u00e1.&#8221;<\/p>\n<p>Posteriormente, Costa se desculpou publicamente com a apresentadora e admitiu ter sido um &#8220;babaca&#8221; pelas ofensas proferidas. &#8220;Me arrependo profundamente. Fui um babaca naquele momento. Poderia ter me posicionado de outra forma, de forma mais leve. Temos que respeitar a posi\u00e7\u00e3o de cada um e acho que fui desrespeitoso com a Fernanda Lima.&#8221;<\/p>\n<p>O m\u00fasico foi condenado a presta\u00e7\u00e3o de servi\u00e7os comunit\u00e1rios. \u00c0 \u00e9poca, o cantor recorreu da senten\u00e7a, chegando a apelar para o STF, mas sem sucesso.<br \/>Diante do descumprimento da senten\u00e7a, o Minist\u00e9rio P\u00fablico havia recomendado a pris\u00e3o do artista. O pedido foi negado pela Justi\u00e7a fluminense, que deu um prazo para o famoso escolher uma institui\u00e7\u00e3o para prestar os servi\u00e7os.<\/p>\n<p>Leia Tamb\u00e9m: <a href=\"https:\/\/www.noticiasaominuto.com.br\/fama\/2266793\/baby-do-brasil-pede-que-pessoas-perdoem-abusos-sexuais-e-e-criticada\" target=\"_blank\" rel=\"noopener\">Baby do Brasil pede que pessoas perdoem abusos sexuais e \u00e9 criticada<\/a><\/p>\n<p>Fonte: noticiasaominuto.com.br<\/p>\n","protected":false},"excerpt":{"rendered":"<p>S\u00c3O PAULO, SP (UOL\/FOLHAPRESS) &#8211; A Justi\u00e7a do Rio de Janeiro negou pedido de habeas<\/p>\n","protected":false},"author":0,"featured_media":48427,"comment_status":"open","ping_status":"open","sticky":false,"template":"","format":"standard","meta":{"footnotes":""},"categories":[6],"tags":[],"aioseo_notices":[],"_links":{"self":[{"href":"https:\/\/portalnewsgta.com.br\/index.php\/wp-json\/wp\/v2\/posts\/48426"}],"collection":[{"href":"https:\/\/portalnewsgta.com.br\/index.php\/wp-json\/wp\/v2\/posts"}],"about":[{"href":"https:\/\/portalnewsgta.com.br\/index.php\/wp-json\/wp\/v2\/types\/post"}],"replies":[{"embeddable":true,"href":"https:\/\/portalnewsgta.com.br\/index.php\/wp-json\/wp\/v2\/comments?post=48426"}],"version-history":[{"count":0,"href":"https:\/\/portalnewsgta.com.br\/index.php\/wp-json\/wp\/v2\/posts\/48426\/revisions"}],"wp:featuredmedia":[{"embeddable":true,"href":"https:\/\/portalnewsgta.com.br\/index.php\/wp-json\/wp\/v2\/media\/48427"}],"wp:attachment":[{"href":"https:\/\/portalnewsgta.com.br\/index.php\/wp-json\/wp\/v2\/media?parent=48426"}],"wp:term":[{"taxonomy":"category","embeddable":true,"href":"https:\/\/portalnewsgta.com.br\/index.php\/wp-json\/wp\/v2\/categories?post=48426"},{"taxonomy":"post_tag","embeddable":true,"href":"https:\/\/portalnewsgta.com.br\/index.php\/wp-json\/wp\/v2\/tags?post=48426"}],"curies":[{"name":"wp","href":"https:\/\/api.w.org\/{rel}","templated":true}]}}