{"id":48402,"date":"2025-03-12T12:42:38","date_gmt":"2025-03-12T15:42:38","guid":{"rendered":"https:\/\/portalnewsgta.com.br\/index.php\/2025\/03\/12\/lexa-abre-o-coracao-sobre-puerperio-apos-morte-da-filha\/"},"modified":"2025-03-12T12:42:38","modified_gmt":"2025-03-12T15:42:38","slug":"lexa-abre-o-coracao-sobre-puerperio-apos-morte-da-filha","status":"publish","type":"post","link":"https:\/\/portalnewsgta.com.br\/index.php\/2025\/03\/12\/lexa-abre-o-coracao-sobre-puerperio-apos-morte-da-filha\/","title":{"rendered":"Lexa abre o cora\u00e7\u00e3o sobre puerp\u00e9rio ap\u00f3s morte da filha"},"content":{"rendered":"<p>Lexa, de 30 anos, abriu o cora\u00e7\u00e3o sobre o luto pela filha, Sofia, em um desabafo feito em seu perfil no Instagram. A cantora comentou sobre sua experi\u00eancia e os momentos em que recorda a filha com carinho, enquanto estava viajando.<\/p>\n<div class=\"dummyPub\">\u00a0<\/div>\n<p>Ela falou sobre a dificuldade de enfrentar o puerp\u00e9rio. &#8220;Quantas vezes eu fechei os olhos e conversei com a minha pequenininha? Sempre procurava a estrela mais brilhosa e come\u00e7ava a me declarar. Passar pelo puerp\u00e9rio sem a minha beb\u00ea n\u00e3o foi f\u00e1cil, olhar para o meu corpo e ver as cicatrizes que ficaram sem a maior recompensa \u00e9 muito duro.&#8221;<\/p>\n<p>Lexa tamb\u00e9m revelou que est\u00e1 se preparando para retornar \u00e0 sua rotina. &#8220;Foram dias especiais, onde eu mais sorri do que chorei. Ent\u00e3o valeu a pena! Agora \u00e9 voltar aos poucos e fazer o que eu amo. Quero agradecer imensamente todas as palavras de acolhimento e amor que venho recebendo&#8221;, finalizou.<\/p>\n<div><a href=\"https:\/\/www.instagram.com\/p\/DHGN8tzAAxf\/?utm_source=ig_embed&amp;utm_campaign=loading\" target=\"_blank\" rel=\"noopener\"><\/p>\n<div>\n<div>\u00a0<\/div>\n<div>\n<div>\u00a0<\/div>\n<div>\u00a0<\/div>\n<\/div>\n<\/div>\n<div>\u00a0<\/div>\n<div>\u00a0<\/div>\n<div>\n<div>Ver essa foto no Instagram<\/div>\n<\/div>\n<div>\u00a0<\/div>\n<div>\n<div>\n<div>\u00a0<\/div>\n<div>\u00a0<\/div>\n<div>\u00a0<\/div>\n<\/div>\n<div>\n<div>\u00a0<\/div>\n<div>\u00a0<\/div>\n<\/div>\n<div>\n<div>\u00a0<\/div>\n<div>\u00a0<\/div>\n<div>\u00a0<\/div>\n<\/div>\n<\/div>\n<div>\n<div>\u00a0<\/div>\n<div>\u00a0<\/div>\n<\/div>\n<p><\/a><\/p>\n<p><a href=\"https:\/\/www.instagram.com\/p\/DHGN8tzAAxf\/?utm_source=ig_embed&amp;utm_campaign=loading\" target=\"_blank\" rel=\"noopener\">Uma publica\u00e7\u00e3o compartilhada por Lexa (@lexa)<\/a><\/p>\n<\/div>\n<p>Leia Tamb\u00e9m: <a href=\"https:\/\/www.noticiasaominuto.com.br\/fama\/2266715\/morre-a-arquiduquesa-estelle-da-austria-aos-46-anos\" target=\"_blank\" rel=\"noopener\">Morre a arquiduquesa Estelle da \u00c1ustria aos 46 anos<\/a><\/p>\n<p>Fonte: noticiasaominuto.com.br<\/p>\n","protected":false},"excerpt":{"rendered":"<p>Lexa, de 30 anos, abriu o cora\u00e7\u00e3o sobre o luto pela filha, Sofia, em um<\/p>\n","protected":false},"author":0,"featured_media":48403,"comment_status":"open","ping_status":"open","sticky":false,"template":"","format":"standard","meta":{"footnotes":""},"categories":[6],"tags":[],"aioseo_notices":[],"_links":{"self":[{"href":"https:\/\/portalnewsgta.com.br\/index.php\/wp-json\/wp\/v2\/posts\/48402"}],"collection":[{"href":"https:\/\/portalnewsgta.com.br\/index.php\/wp-json\/wp\/v2\/posts"}],"about":[{"href":"https:\/\/portalnewsgta.com.br\/index.php\/wp-json\/wp\/v2\/types\/post"}],"replies":[{"embeddable":true,"href":"https:\/\/portalnewsgta.com.br\/index.php\/wp-json\/wp\/v2\/comments?post=48402"}],"version-history":[{"count":0,"href":"https:\/\/portalnewsgta.com.br\/index.php\/wp-json\/wp\/v2\/posts\/48402\/revisions"}],"wp:featuredmedia":[{"embeddable":true,"href":"https:\/\/portalnewsgta.com.br\/index.php\/wp-json\/wp\/v2\/media\/48403"}],"wp:attachment":[{"href":"https:\/\/portalnewsgta.com.br\/index.php\/wp-json\/wp\/v2\/media?parent=48402"}],"wp:term":[{"taxonomy":"category","embeddable":true,"href":"https:\/\/portalnewsgta.com.br\/index.php\/wp-json\/wp\/v2\/categories?post=48402"},{"taxonomy":"post_tag","embeddable":true,"href":"https:\/\/portalnewsgta.com.br\/index.php\/wp-json\/wp\/v2\/tags?post=48402"}],"curies":[{"name":"wp","href":"https:\/\/api.w.org\/{rel}","templated":true}]}}