{"id":48386,"date":"2025-03-12T08:37:38","date_gmt":"2025-03-12T11:37:38","guid":{"rendered":"https:\/\/portalnewsgta.com.br\/?p=48386"},"modified":"2025-03-12T08:37:38","modified_gmt":"2025-03-12T11:37:38","slug":"companhia-raio-promove-capacitacao-de-motopatrulhamento-tatico-para-policiais-militares-em-cuiaba","status":"publish","type":"post","link":"https:\/\/portalnewsgta.com.br\/index.php\/2025\/03\/12\/companhia-raio-promove-capacitacao-de-motopatrulhamento-tatico-para-policiais-militares-em-cuiaba\/","title":{"rendered":"Companhia Raio promove capacita\u00e7\u00e3o de motopatrulhamento t\u00e1tico para policiais militares em Cuiab\u00e1"},"content":{"rendered":"<h5>Ao todo, participam 31 militares dos 15 Comandos Regionais de Mato Grosso<\/h5>\n<div>Wellyngton Souza\u00a0|\u00a0PMMT<\/div>\n<div><\/div>\n<div>\n<p>Policiais militares da 24\u00aa Companhia Independente de Rondas e A\u00e7\u00f5es Intensivas e Ostensivas (Raio), da Pol\u00edcia Militar de Mato Grosso, iniciou, nesta segunda-feira (10.3), um curso de motopatrulhamento para aproximadamente 170 policiais militares, dos 15 Comandos Regionais de Mato Grosso. Nesta primeira turma, participam 31 militares.<\/p>\n<p>A capacita\u00e7\u00e3o, que ter\u00e1 dura\u00e7\u00e3o de quinze dias, tem como objetivo promover a especializa\u00e7\u00e3o e aprimoramento t\u00e9cnico dos policiais militares para o desempenho de miss\u00f5es, em especial, as ocorr\u00eancias relativas ao Programa Opera\u00e7\u00e3o Toler\u00e2ncia Zero &#8211; combate \u00e0s fac\u00e7\u00f5es criminosas, criada pelo Governo do Estado de Mato Grosso.<\/p>\n<div><picture data-fileentryid=\"16962558\"><source srcset=\"\/o\/adaptive-media\/image\/16962558\/Thumbnail-1024x1024\/raio+interna.jpg?t=1619789855292\" media=\"(max-width:1024px)\" \/><img decoding=\"async\" src=\"https:\/\/www.secom.mt.gov.br\/documents\/2459523\/16962504\/raio+interna.jpg\/7a17c8fc-5f06-53ea-42ca-91b97c0d1872?t=1619789855292&amp;imageThumbnail=3\" alt=\"\" height=\"267\" \/><\/picture>\n<div id=\"imgCaption_0\" class=\"imgCaption\">Cr\u00e9ditos &#8211; Christiano Antonucci &#8211; Secom -MT<\/div>\n<\/div>\n<p>&nbsp;<\/p>\n<p>O comandante do Raio, tenente-coronel, Wesmensandro Auto Rodrigues, explicou que durante o curso ser\u00e3o compartilhados conhecimentos te\u00f3ricos e pr\u00e1ticos sobre o diferencial de atua\u00e7\u00e3o do policiamento ostensivo por meio do uso de motocicletas, que garantem um melhor um tempo-resposta no atendimento das ocorr\u00eancias no Estado.<\/p>\n<p>&#8220;O motopatrulhamento t\u00e1tico oferece \u00e0s equipes policiais, rapidez e mobilidade durante o policiamento. Os policiais chegam com uma maior agilidade porque possuem habilidades t\u00e9cnicas que os ajudam a transpor obst\u00e1culos, entrar em locais de dif\u00edcil acesso e at\u00e9 mesmo sair de situa\u00e7\u00f5es de congestionamentos de tr\u00e2nsito para dar apoio \u00e0s viaturas da PM nos atendimentos rotineiros&#8221;, afirmou tenente-coronel Wesmensandro.<\/p>\n<div><picture data-fileentryid=\"16962524\"><source srcset=\"\/o\/adaptive-media\/image\/16962524\/Thumbnail-1024x1024\/raio+na+mira.jpg?t=1619789831919\" media=\"(max-width:1024px)\" \/><img decoding=\"async\" src=\"https:\/\/www.secom.mt.gov.br\/documents\/2459523\/16962504\/raio+na+mira.jpg\/f7e3c8b9-7d00-212d-2223-e61d7ecc2ca0?t=1619789831919&amp;imageThumbnail=3\" alt=\"\" height=\"267\" \/><\/picture>\n<div id=\"imgCaption_1\" class=\"imgCaption\">Cr\u00e9ditos &#8211; Christiano Antonucci &#8211; Secom -MT<\/div>\n<\/div>\n<p>&nbsp;<\/p>\n<p>O comandante-geral da Pol\u00edcia Militar de Mato Grosso, coronel Cl\u00e1udio Fernando Carneiro Tinoco, ressaltou que este investimento em capacita\u00e7\u00e3o reflete o compromisso da Pol\u00edcia Militar em garantir que os militares estejam devidamente preparados para enfrentar os desafios operacionais com efic\u00e1cia e seguran\u00e7a.<\/p>\n<p>&#8220;Essa capacita\u00e7\u00e3o vem de encontro \u00e0s a\u00e7\u00f5es de enfrentamento e combate \u00e0s fac\u00e7\u00f5es criminosas em Mato Grosso. A Pol\u00edcia Militar de Mato Grosso \u00e9 uma das institui\u00e7\u00f5es que mais investe na capacita\u00e7\u00e3o dos militares, sendo uma refer\u00eancia no pa\u00eds e esse reconhecimento s\u00f3 foi poss\u00edvel devido aos\u00a0 investimentos do Governo do Estado, na entrega de armamentos, viaturas e equipamentos de seguran\u00e7a aos militares, nos \u00faltimos anos&#8221;, destacou o comandante-geral da PM, coronel Fernando.<\/p>\n<div><picture data-fileentryid=\"70665507\"><source srcset=\"\/o\/adaptive-media\/image\/70665507\/Thumbnail-1024x1024\/raio+4.jpg?t=1741720284961\" media=\"(max-width:1024px)\" \/><img decoding=\"async\" src=\"https:\/\/www.secom.mt.gov.br\/documents\/d\/pm\/raio-4-jpg?imageThumbnail=3\" alt=\"\" height=\"267\" \/><\/picture>\n<div id=\"imgCaption_2\" class=\"imgCaption\"><\/div>\n<\/div>\n<div><picture data-fileentryid=\"70665514\"><source srcset=\"\/o\/adaptive-media\/image\/70665514\/Thumbnail-1024x1024\/WhatsApp+Image+2025-03-11+at+14.59.27.jpeg?t=1741720357896\" media=\"(max-width:708px)\" \/><img decoding=\"async\" src=\"https:\/\/www.secom.mt.gov.br\/documents\/d\/pm\/whatsapp-image-2025-03-11-at-14-59-27-jpeg?imageThumbnail=3\" alt=\"\" height=\"267\" \/><\/picture><\/div>\n<\/div>\n","protected":false},"excerpt":{"rendered":"<p>Ao todo, participam 31 militares dos 15 Comandos Regionais de Mato Grosso Wellyngton Souza\u00a0|\u00a0PMMT Policiais<\/p>\n","protected":false},"author":2,"featured_media":48387,"comment_status":"open","ping_status":"open","sticky":false,"template":"","format":"standard","meta":{"footnotes":""},"categories":[13,8],"tags":[],"aioseo_notices":[],"_links":{"self":[{"href":"https:\/\/portalnewsgta.com.br\/index.php\/wp-json\/wp\/v2\/posts\/48386"}],"collection":[{"href":"https:\/\/portalnewsgta.com.br\/index.php\/wp-json\/wp\/v2\/posts"}],"about":[{"href":"https:\/\/portalnewsgta.com.br\/index.php\/wp-json\/wp\/v2\/types\/post"}],"author":[{"embeddable":true,"href":"https:\/\/portalnewsgta.com.br\/index.php\/wp-json\/wp\/v2\/users\/2"}],"replies":[{"embeddable":true,"href":"https:\/\/portalnewsgta.com.br\/index.php\/wp-json\/wp\/v2\/comments?post=48386"}],"version-history":[{"count":1,"href":"https:\/\/portalnewsgta.com.br\/index.php\/wp-json\/wp\/v2\/posts\/48386\/revisions"}],"predecessor-version":[{"id":48388,"href":"https:\/\/portalnewsgta.com.br\/index.php\/wp-json\/wp\/v2\/posts\/48386\/revisions\/48388"}],"wp:featuredmedia":[{"embeddable":true,"href":"https:\/\/portalnewsgta.com.br\/index.php\/wp-json\/wp\/v2\/media\/48387"}],"wp:attachment":[{"href":"https:\/\/portalnewsgta.com.br\/index.php\/wp-json\/wp\/v2\/media?parent=48386"}],"wp:term":[{"taxonomy":"category","embeddable":true,"href":"https:\/\/portalnewsgta.com.br\/index.php\/wp-json\/wp\/v2\/categories?post=48386"},{"taxonomy":"post_tag","embeddable":true,"href":"https:\/\/portalnewsgta.com.br\/index.php\/wp-json\/wp\/v2\/tags?post=48386"}],"curies":[{"name":"wp","href":"https:\/\/api.w.org\/{rel}","templated":true}]}}