{"id":48383,"date":"2025-03-12T08:35:38","date_gmt":"2025-03-12T11:35:38","guid":{"rendered":"https:\/\/portalnewsgta.com.br\/?p=48383"},"modified":"2025-03-12T08:35:38","modified_gmt":"2025-03-12T11:35:38","slug":"lideres-estudantis-criam-estrategias-para-ampliar-atuacao-dos-gremios-nas-escolas","status":"publish","type":"post","link":"https:\/\/portalnewsgta.com.br\/index.php\/2025\/03\/12\/lideres-estudantis-criam-estrategias-para-ampliar-atuacao-dos-gremios-nas-escolas\/","title":{"rendered":"L\u00edderes estudantis criam estrat\u00e9gias para ampliar atua\u00e7\u00e3o dos gr\u00eamios nas escolas"},"content":{"rendered":"<h5>Durante encontro, estudantes discutiram sobre representatividade e melhoria do ambiente escolar<\/h5>\n<div>Rayane Alves\u00a0|\u00a0Seduc<\/div>\n<div><\/div>\n<div>\n<div class=\"full-content\">\n<p>A Secretaria de Estado de Educa\u00e7\u00e3o (Seduc-MT) realizou, na tarde desta segunda-feira (10.3), na Escola Estadual Jos\u00e9 Leite de Moraes, o 2\u00ba Encontro dos Gr\u00eamios Estudantis de V\u00e1rzea Grande.<\/p>\n<p>O evento reuniu l\u00edderes estudantis de 11 escolas da regi\u00e3o do Cristo Rei para discutir sobre temas relacionados \u00e0 representatividade e \u00e0 melhoria do ambiente escolar.<\/p>\n<p>Segundo a Seduc, o encontro fortaleceu os gr\u00eamios estudantis, incentivando a troca de experi\u00eancias e o desenvolvimento de estrat\u00e9gias para aumentar o impacto dessas organiza\u00e7\u00f5es nas escolas.<\/p>\n<p>\u201cA energia dos participantes e o engajamento com os temas abordados evidenciaram a import\u00e2ncia de espa\u00e7os como esse, onde os estudantes podem se unir para discutir solu\u00e7\u00f5es e desafios comuns\u201d, definiu o secret\u00e1rio de Educa\u00e7\u00e3o, Alan Porto.<\/p>\n<p>Endrio Felipe, 16 anos, \u00e9 estudante do 2\u00ba ano do Ensino M\u00e9dio na EE Emanuel Pinheiro e presidente do Gr\u00eamio &#8220;Conex\u00e3o Jovem&#8221;. Para ele, o evento esclareceu d\u00favidas e refor\u00e7ou os compromissos dos dirigentes com a comunidade escolar.<\/p>\n<p>O representante da EE Jos\u00e9 Leite de Moraes e presidente do Gr\u00eamio &#8220;Jovem +&#8221;, Jos\u00e9 Augusto Graciano Pereira, 16 anos, tamb\u00e9m refletiu sobre sua experi\u00eancia no encontro: &#8220;Sempre tive um certo contato com lideran\u00e7a e gosto de ser proativo. Isso me motivou a participar do Gr\u00eamio Estudantil&#8221;.<\/p>\n<div><picture data-fileentryid=\"70666689\"><source srcset=\"\/o\/adaptive-media\/image\/70666689\/Thumbnail-1024x1024\/WhatsApp+Image+2025-03-11+at+10.04.38.jpeg?t=1741723198458\" media=\"(max-width:1024px)\" \/><img decoding=\"async\" src=\"https:\/\/www.secom.mt.gov.br\/documents\/d\/seduc\/whatsapp-image-2025-03-11-at-10-04-38-jpeg?imageThumbnail=3\" alt=\"\" height=\"266\" \/><\/picture>\n<div id=\"imgCaption_0\" class=\"imgCaption\"><\/div>\n<\/div>\n<p>&nbsp;<\/p>\n<p>Para Matheus Oliveira da Silva, coordenador do projeto Gr\u00eamio Estudantil da Seduc, foi importante perceber que os estudantes est\u00e3o cada vez mais comprometidos com a constru\u00e7\u00e3o de um ambiente escolar mais democr\u00e1tico, onde suas vozes s\u00e3o ouvidas e suas ideias colocadas em pr\u00e1tica.<\/p>\n<p>\u201cOs l\u00edderes estudantis sa\u00edram do evento com novas ideias e projetos para implementar em suas escolas, como palestras sobre conv\u00edvio social e campanhas de conscientiza\u00e7\u00e3o. O pr\u00f3ximo passo ser\u00e1 atrair mais alunos para as atividades dos gr\u00eamios\u201d, concluiu.<\/p>\n<\/div>\n<\/div>\n","protected":false},"excerpt":{"rendered":"<p>Durante encontro, estudantes discutiram sobre representatividade e melhoria do ambiente escolar Rayane Alves\u00a0|\u00a0Seduc A Secretaria<\/p>\n","protected":false},"author":2,"featured_media":48384,"comment_status":"open","ping_status":"open","sticky":false,"template":"","format":"standard","meta":{"footnotes":""},"categories":[7,13],"tags":[],"aioseo_notices":[],"_links":{"self":[{"href":"https:\/\/portalnewsgta.com.br\/index.php\/wp-json\/wp\/v2\/posts\/48383"}],"collection":[{"href":"https:\/\/portalnewsgta.com.br\/index.php\/wp-json\/wp\/v2\/posts"}],"about":[{"href":"https:\/\/portalnewsgta.com.br\/index.php\/wp-json\/wp\/v2\/types\/post"}],"author":[{"embeddable":true,"href":"https:\/\/portalnewsgta.com.br\/index.php\/wp-json\/wp\/v2\/users\/2"}],"replies":[{"embeddable":true,"href":"https:\/\/portalnewsgta.com.br\/index.php\/wp-json\/wp\/v2\/comments?post=48383"}],"version-history":[{"count":1,"href":"https:\/\/portalnewsgta.com.br\/index.php\/wp-json\/wp\/v2\/posts\/48383\/revisions"}],"predecessor-version":[{"id":48385,"href":"https:\/\/portalnewsgta.com.br\/index.php\/wp-json\/wp\/v2\/posts\/48383\/revisions\/48385"}],"wp:featuredmedia":[{"embeddable":true,"href":"https:\/\/portalnewsgta.com.br\/index.php\/wp-json\/wp\/v2\/media\/48384"}],"wp:attachment":[{"href":"https:\/\/portalnewsgta.com.br\/index.php\/wp-json\/wp\/v2\/media?parent=48383"}],"wp:term":[{"taxonomy":"category","embeddable":true,"href":"https:\/\/portalnewsgta.com.br\/index.php\/wp-json\/wp\/v2\/categories?post=48383"},{"taxonomy":"post_tag","embeddable":true,"href":"https:\/\/portalnewsgta.com.br\/index.php\/wp-json\/wp\/v2\/tags?post=48383"}],"curies":[{"name":"wp","href":"https:\/\/api.w.org\/{rel}","templated":true}]}}