{"id":48354,"date":"2025-03-12T08:19:25","date_gmt":"2025-03-12T11:19:25","guid":{"rendered":"https:\/\/portalnewsgta.com.br\/?p=48354"},"modified":"2025-03-12T08:21:09","modified_gmt":"2025-03-12T11:21:09","slug":"stf-amplia-foro-privilegiado-na-corte-para-apos-fim-do-mandato-do-reu","status":"publish","type":"post","link":"https:\/\/portalnewsgta.com.br\/index.php\/2025\/03\/12\/stf-amplia-foro-privilegiado-na-corte-para-apos-fim-do-mandato-do-reu\/","title":{"rendered":"STF amplia foro privilegiado na Corte para ap\u00f3s fim do mandato do r\u00e9u"},"content":{"rendered":"<p class=\"credito-1\">FABIO RODRIGUES POZZEBOM\/AG\u00caNCIA BRASIL<\/p>\n<p><span class=\"img-conteudo pull-left\"><a href=\"https:\/\/www.gazetadigital.com.br\/storage\/webdisco\/2025\/03\/11\/1200x900\/591c7e13b6c32d2348d9f647065ea2ea.jpg\" data-fancybox=\"gallery\" data-caption=\"FABIO RODRIGUES POZZEBOM\/AG\u00caNCIA BRASIL\"><img decoding=\"async\" src=\"https:\/\/www.gazetadigital.com.br\/storage\/webdisco\/2025\/03\/11\/431x285\/591c7e13b6c32d2348d9f647065ea2ea.jpg\" alt=\"FABIO RODRIGUES POZZEBOM\/AG\u00caNCIA BRASIL\" \/><\/a><\/span><\/p>\n<p><img decoding=\"async\" class=\"pull-left img-responsive\" src=\"https:\/\/www.gazetadigital.com.br\/storage\/webdisco\/2018\/09\/11\/120x80\/1989f6f1bda0a00b820ece8296bb5d50.jpg\" alt=\"\" \/><\/p>\n<div id=\"text-content\" class=\"mb20\">\n<p>O Supremo Tribunal Federal (STF) decidiu ampliar o foro por prerrogativa de fun\u00e7\u00e3o, nome t\u00e9cnico do foro privilegiado para deputados federais e senadores.<\/p>\n<p>&nbsp;<\/p>\n<p>&nbsp;<\/p>\n<p>Pelo entendimento, o foro privilegiado de um pol\u00edtico fica mantido no STF se o crime tiver sido cometido durante o exerc\u00edcio da fun\u00e7\u00e3o de parlamentar. Essa \u00e9 a regra v\u00e1lida atualmente. No caso de ren\u00fancia, n\u00e3o reelei\u00e7\u00e3o ou cassa\u00e7\u00e3o, o processo ser\u00e1 mantido na Corte.<\/p>\n<p>&nbsp;<\/p>\n<p>Acompanharam o relator na vota\u00e7\u00e3o virtual finalizada hoje os ministros Dias Toffoli, Fl\u00e1vio Dino, Cristiano Zanin, Alexandre de Moraes, Fl\u00e1vio Dino, Lu\u00eds Roberto Barroso e Nunes Marques.<\/p>\n<p>&nbsp;<\/p>\n<p>Andr\u00e9 Mendon\u00e7a, Edson Fachin, C\u00e1rmen L\u00facia e Luiz Fux votaram contra a amplia\u00e7\u00e3o do foro.<\/p>\n<p>&nbsp;<\/p>\n<p>Um habeas corpus protocolado pela defesa do senador Zequinha Marinho (Podemos-PA) motivou o julgamento sobre o foro.<\/p>\n<p>&nbsp;<\/p>\n<p>O parlamentar \u00e9 acusado de \u201crachadinha\u201d, por ser suspeito de exigir parte do sal\u00e1rio de funcion\u00e1rios de seu gabinete, em 2013, quando ele era deputado federal. Ao longo do tempo, o pol\u00edtico foi eleito vice-governador do Par\u00e1 e senador, e o processo foi transferido entre as inst\u00e2ncias da Justi\u00e7a. Com a decis\u00e3o de hoje, o processo vai permanecer no STF.<\/p>\n<\/div>\n","protected":false},"excerpt":{"rendered":"<p>FABIO RODRIGUES POZZEBOM\/AG\u00caNCIA BRASIL O Supremo Tribunal Federal (STF) decidiu ampliar o foro por prerrogativa<\/p>\n","protected":false},"author":2,"featured_media":48355,"comment_status":"open","ping_status":"open","sticky":false,"template":"","format":"standard","meta":{"footnotes":""},"categories":[13,2],"tags":[862],"aioseo_notices":[],"_links":{"self":[{"href":"https:\/\/portalnewsgta.com.br\/index.php\/wp-json\/wp\/v2\/posts\/48354"}],"collection":[{"href":"https:\/\/portalnewsgta.com.br\/index.php\/wp-json\/wp\/v2\/posts"}],"about":[{"href":"https:\/\/portalnewsgta.com.br\/index.php\/wp-json\/wp\/v2\/types\/post"}],"author":[{"embeddable":true,"href":"https:\/\/portalnewsgta.com.br\/index.php\/wp-json\/wp\/v2\/users\/2"}],"replies":[{"embeddable":true,"href":"https:\/\/portalnewsgta.com.br\/index.php\/wp-json\/wp\/v2\/comments?post=48354"}],"version-history":[{"count":2,"href":"https:\/\/portalnewsgta.com.br\/index.php\/wp-json\/wp\/v2\/posts\/48354\/revisions"}],"predecessor-version":[{"id":48358,"href":"https:\/\/portalnewsgta.com.br\/index.php\/wp-json\/wp\/v2\/posts\/48354\/revisions\/48358"}],"wp:featuredmedia":[{"embeddable":true,"href":"https:\/\/portalnewsgta.com.br\/index.php\/wp-json\/wp\/v2\/media\/48355"}],"wp:attachment":[{"href":"https:\/\/portalnewsgta.com.br\/index.php\/wp-json\/wp\/v2\/media?parent=48354"}],"wp:term":[{"taxonomy":"category","embeddable":true,"href":"https:\/\/portalnewsgta.com.br\/index.php\/wp-json\/wp\/v2\/categories?post=48354"},{"taxonomy":"post_tag","embeddable":true,"href":"https:\/\/portalnewsgta.com.br\/index.php\/wp-json\/wp\/v2\/tags?post=48354"}],"curies":[{"name":"wp","href":"https:\/\/api.w.org\/{rel}","templated":true}]}}