{"id":48350,"date":"2025-03-12T08:17:55","date_gmt":"2025-03-12T11:17:55","guid":{"rendered":"https:\/\/portalnewsgta.com.br\/?p=48350"},"modified":"2025-03-12T08:18:17","modified_gmt":"2025-03-12T11:18:17","slug":"ao-lado-de-tarcisio-bolsonaro-diz-que-e-candidato-para-2026-por-enquanto","status":"publish","type":"post","link":"https:\/\/portalnewsgta.com.br\/index.php\/2025\/03\/12\/ao-lado-de-tarcisio-bolsonaro-diz-que-e-candidato-para-2026-por-enquanto\/","title":{"rendered":"Ao lado de Tarc\u00edsio, Bolsonaro diz que \u00e9 candidato para 2026; &#8216;por enquanto&#8217;"},"content":{"rendered":"<p class=\"credito-1\">Allan Santos\/ PR<\/p>\n<p>&nbsp;<\/p>\n<p><img decoding=\"async\" class=\"pull-left img-responsive\" src=\"https:\/\/www.gazetadigital.com.br\/storage\/webdisco\/2018\/09\/11\/120x80\/c10c88c6ae9ade049b00d53e2c1493c8.jpg\" alt=\"\" \/><\/p>\n<div id=\"text-content\" class=\"mb20\">\n<p>O ex-presidente Jair Bolsonaro (PL) afirmou, nesta ter\u00e7a-feira, 11, que, \u201cpor enquanto, \u00e9 candidato a presidente\u201d em 2026. Questionado se tem recebido conselhos para indicar logo um nome para concorrer em seu lugar, j\u00e1 que est\u00e1 ineleg\u00edvel, o presidente n\u00e3o negou. Contudo, afirmou que n\u00e3o est\u00e1 trabalhando com um nome como plano B para seu cargo.<\/p>\n<p>&nbsp;<\/p>\n<p>\u201cConselho \u00e9 uma coisa que voc\u00ea d\u00e1 e o outro recebe se quiser. Por enquanto, eu sou candidato, pois, como eu disse, \u00e9 uma nega\u00e7\u00e3o a democracia (n\u00e3o ter esse direito)\u201d, afirmou Bolsonaro.<\/p>\n<p>&nbsp;<\/p>\n<p>Ao lado do governador de S\u00e3o Paulo, Tarc\u00edsio de Freitas (Republicanos), que estava junto com ele no Sal\u00e3o Motope\u00e7as, o ex-presidente afirmou que se ele n\u00e3o aparecer como candidato (na c\u00e9dula) seria \u201cuma nega\u00e7\u00e3o \u00e0 pol\u00edtica\u201d.<\/p>\n<p>&nbsp;<\/p>\n<p>Bolsonaro foi questionado sobre qual dos dois seria candidato e afirmou que \u201cos dois\u201d ser\u00e3o, sendo ele a presidente e Tarc\u00edsio \u00e0 reelei\u00e7\u00e3o ao governo de S\u00e3o Paulo.<\/p>\n<p>&nbsp;<\/p>\n<p>O ex-presidente ainda elogiou o afilhado pol\u00edtico, mas afirmou que tem mais experi\u00eancia para comandar o Pa\u00eds. \u201cTarc\u00edsio \u00e9 um tremendo gestor. S\u00f3 tenho elogios para falar para ele. Ele sabe que \u00e9 um pouco mais novo que eu, 20 anos mais novo, eu tenho uma experi\u00eancia l\u00e1 que n\u00e3o \u00e9 f\u00e1cil. Voc\u00ea assumir um cargo de Executivo do Brasil e fazer seu secretariado seu minist\u00e9rio sem interfer\u00eancia pol\u00edtica\u201d, completou.<\/p>\n<p>&nbsp;<\/p>\n<p>Na entrevista, Bolsonaro voltou a criticar a postura do Tribunal Superior Eleitoral (TSE) nas elei\u00e7\u00f5es de 2022 e afirmou que \u201cn\u00e3o houve democracia\u201d na disputa em que perdeu para Lula no segundo turno.<\/p>\n<p>&nbsp;<\/p>\n<p>Ele tamb\u00e9m defendeu novamente a anistia aos presos pelos atos golpistas de 8 de janeiro de 2023. Ele e seus aliados organizam um evento no pr\u00f3ximo dia 16 para defender a pauta. Questionado se ir\u00e1 ao evento na praia de Copacabana, no Rio de Janeiro, o governador de S\u00e3o Paulo confirmou com um gesto de \u201cjoia\u201d com as m\u00e3os. Ele n\u00e3o deu entrevista.<\/p>\n<\/div>\n","protected":false},"excerpt":{"rendered":"<p>Allan Santos\/ PR &nbsp; O ex-presidente Jair Bolsonaro (PL) afirmou, nesta ter\u00e7a-feira, 11, que, \u201cpor<\/p>\n","protected":false},"author":2,"featured_media":48351,"comment_status":"open","ping_status":"open","sticky":false,"template":"","format":"standard","meta":{"footnotes":""},"categories":[13,2],"tags":[861,860],"aioseo_notices":[],"_links":{"self":[{"href":"https:\/\/portalnewsgta.com.br\/index.php\/wp-json\/wp\/v2\/posts\/48350"}],"collection":[{"href":"https:\/\/portalnewsgta.com.br\/index.php\/wp-json\/wp\/v2\/posts"}],"about":[{"href":"https:\/\/portalnewsgta.com.br\/index.php\/wp-json\/wp\/v2\/types\/post"}],"author":[{"embeddable":true,"href":"https:\/\/portalnewsgta.com.br\/index.php\/wp-json\/wp\/v2\/users\/2"}],"replies":[{"embeddable":true,"href":"https:\/\/portalnewsgta.com.br\/index.php\/wp-json\/wp\/v2\/comments?post=48350"}],"version-history":[{"count":2,"href":"https:\/\/portalnewsgta.com.br\/index.php\/wp-json\/wp\/v2\/posts\/48350\/revisions"}],"predecessor-version":[{"id":48353,"href":"https:\/\/portalnewsgta.com.br\/index.php\/wp-json\/wp\/v2\/posts\/48350\/revisions\/48353"}],"wp:featuredmedia":[{"embeddable":true,"href":"https:\/\/portalnewsgta.com.br\/index.php\/wp-json\/wp\/v2\/media\/48351"}],"wp:attachment":[{"href":"https:\/\/portalnewsgta.com.br\/index.php\/wp-json\/wp\/v2\/media?parent=48350"}],"wp:term":[{"taxonomy":"category","embeddable":true,"href":"https:\/\/portalnewsgta.com.br\/index.php\/wp-json\/wp\/v2\/categories?post=48350"},{"taxonomy":"post_tag","embeddable":true,"href":"https:\/\/portalnewsgta.com.br\/index.php\/wp-json\/wp\/v2\/tags?post=48350"}],"curies":[{"name":"wp","href":"https:\/\/api.w.org\/{rel}","templated":true}]}}