{"id":48174,"date":"2025-03-10T14:42:44","date_gmt":"2025-03-10T17:42:44","guid":{"rendered":"https:\/\/portalnewsgta.com.br\/index.php\/2025\/03\/10\/jogador-sofre-crise-de-ansiedade-apos-ser-alvo-de-racismo-na-espanha\/"},"modified":"2025-03-10T14:42:44","modified_gmt":"2025-03-10T17:42:44","slug":"jogador-sofre-crise-de-ansiedade-apos-ser-alvo-de-racismo-na-espanha","status":"publish","type":"post","link":"https:\/\/portalnewsgta.com.br\/index.php\/2025\/03\/10\/jogador-sofre-crise-de-ansiedade-apos-ser-alvo-de-racismo-na-espanha\/","title":{"rendered":"Jogador sofre crise de ansiedade ap\u00f3s ser alvo de racismo na Espanha"},"content":{"rendered":"<p>S\u00c3O PAULO, SP (UOL\/FOLHAPRESS) &#8211; O jogador senegal\u00eas Alioune Man\u00e9, do Deportivo Fabril, teve uma crise de ansiedade ap\u00f3s ser alvo de insultos racistas proferidos por um jogador advers\u00e1rio em partida contra o Rayo Cantabria, neste domingo (9), na quarta divis\u00e3o da Espanha.<\/p>\n<div class=\"dummyPub\">\u00a0<\/div>\n<p><span class=\"news_bold\">O QUE ACONTECEU<\/span><\/p>\n<p>De acordo com informa\u00e7\u00f5es do jornal espanhol As, Alioune foi chamado de &#8220;macaco de m*rda&#8221; por um jogador advers\u00e1rio no duelo entre as equipes B do Deportivo La Coru\u00f1a e Racing Santander, na cidade de Abegondo, onde o Fabril manda suas partidas.<\/p>\n<p>O epis\u00f3dio ocorreu nos minutos finais da partida, que terminou com vit\u00f3ria do time visitante por 1 a 0. Ap\u00f3s os insultos, o jogador apresentou um quadro de ansiedade aguda e precisou ser levado ao hospital. Ele teve alta na noite de domingo.<\/p>\n<p>O \u00e1rbitro Alonso Lui\u00f1a relatou na s\u00famula da partida que um auxiliar do Deportivo Fabril fez a den\u00fancia, mas n\u00e3o especifica quem foi o jogador advers\u00e1rio que cometeu o ato racista. &#8220;O m\u00e9dico do Fabril me comunicou que o jogador de n\u00famero 17 [Alioiune Man\u00e9] apresenta um quadro de ansiedade aguda fruto do incidente e precisa ser levado ao hospital&#8221;, diz a s\u00famula.<\/p>\n<p>O Deportivo Fabril se pronunciou ap\u00f3s a partida, dizendo que o insulto sofrido pelo jogador \u00e9 &#8220;absolutamente inaceit\u00e1vel e n\u00e3o tem lugar no futebol, no esporte em geral ou na sociedade&#8221;. O clube afirma que tomar\u00e1 as medidas necess\u00e1rias para que incidentes deste tipo n\u00e3o ocorram novamente.<\/p>\n<p>Leia Tamb\u00e9m: <a href=\"https:\/\/www.noticiasaominuto.com.br\/esporte\/2265935\/lebron-se-machuca-em-derrota-do-lakers-e-pode-reviver-fantasma-de-2018\" target=\"_blank\" rel=\"noopener\">Lebron se machuca em derrota do Lakers e pode reviver fantasma de 2018<\/a><\/p>\n<p>Fonte: noticiasaominuto.com.br<\/p>\n","protected":false},"excerpt":{"rendered":"<p>S\u00c3O PAULO, SP (UOL\/FOLHAPRESS) &#8211; O jogador senegal\u00eas Alioune Man\u00e9, do Deportivo Fabril, teve uma<\/p>\n","protected":false},"author":0,"featured_media":48175,"comment_status":"open","ping_status":"open","sticky":false,"template":"","format":"standard","meta":{"footnotes":""},"categories":[4],"tags":[],"aioseo_notices":[],"_links":{"self":[{"href":"https:\/\/portalnewsgta.com.br\/index.php\/wp-json\/wp\/v2\/posts\/48174"}],"collection":[{"href":"https:\/\/portalnewsgta.com.br\/index.php\/wp-json\/wp\/v2\/posts"}],"about":[{"href":"https:\/\/portalnewsgta.com.br\/index.php\/wp-json\/wp\/v2\/types\/post"}],"replies":[{"embeddable":true,"href":"https:\/\/portalnewsgta.com.br\/index.php\/wp-json\/wp\/v2\/comments?post=48174"}],"version-history":[{"count":0,"href":"https:\/\/portalnewsgta.com.br\/index.php\/wp-json\/wp\/v2\/posts\/48174\/revisions"}],"wp:featuredmedia":[{"embeddable":true,"href":"https:\/\/portalnewsgta.com.br\/index.php\/wp-json\/wp\/v2\/media\/48175"}],"wp:attachment":[{"href":"https:\/\/portalnewsgta.com.br\/index.php\/wp-json\/wp\/v2\/media?parent=48174"}],"wp:term":[{"taxonomy":"category","embeddable":true,"href":"https:\/\/portalnewsgta.com.br\/index.php\/wp-json\/wp\/v2\/categories?post=48174"},{"taxonomy":"post_tag","embeddable":true,"href":"https:\/\/portalnewsgta.com.br\/index.php\/wp-json\/wp\/v2\/tags?post=48174"}],"curies":[{"name":"wp","href":"https:\/\/api.w.org\/{rel}","templated":true}]}}