{"id":47862,"date":"2025-03-07T10:35:35","date_gmt":"2025-03-07T13:35:35","guid":{"rendered":"https:\/\/portalnewsgta.com.br\/?p=47862"},"modified":"2025-03-07T10:35:35","modified_gmt":"2025-03-07T13:35:35","slug":"conselho-do-invest-mt-e-indicado-por-entidades-veja-nomes","status":"publish","type":"post","link":"https:\/\/portalnewsgta.com.br\/index.php\/2025\/03\/07\/conselho-do-invest-mt-e-indicado-por-entidades-veja-nomes\/","title":{"rendered":"Conselho do Invest MT \u00e9 indicado por entidades; veja nomes"},"content":{"rendered":"<h5>Indicados ser\u00e3o apreciados e nomeados pelo governador Mauro Mendes.<\/h5>\n<div>Maria Julia Souza\u00a0|\u00a0Sedec-MT<\/div>\n<div><\/div>\n<div>\n<p>Os membros do Conselho Deliberativo da Ag\u00eancia Mato-Grossense de Promo\u00e7\u00e3o de Investimentos e Competitividade (Invest MT) foram indicados durante a 1\u00aa Reuni\u00e3o Ordin\u00e1ria do Invest MT, na tarde desta quinta-feira (6), na Secretaria de Desenvolvimento Econ\u00f4mico de Mato Grosso (Sedec). \u00a0Os nomes indicados ser\u00e3o avaliados e nomeados pelo governador Mauro Mendes.<\/p>\n<p>A ag\u00eancia tem como objetivo atrair investimentos para Mato Grosso e realizar a sua promo\u00e7\u00e3o comercial internacionalmente.<\/p>\n<p>O Conselho Deliberativo ser\u00e1 composto por membros titulares e suplentes da Vice-Governadoria, da Secretaria de Desenvolvimento Econ\u00f4mico de Mato Grosso (Sedec), da MT Participa\u00e7\u00f5es Projetos S\/A (MT Par), do Instituto Mato-Grossense da Carne (Imac), da Federa\u00e7\u00e3o das Ind\u00fastrias de Mato Grosso (Fiemt), da Federa\u00e7\u00e3o do Com\u00e9rcio de Bens, Servi\u00e7os e Turismo de Mato Grosso (Fecom\u00e9rcio) e da Federa\u00e7\u00e3o da Agricultura e Pecu\u00e1ria de Mato Grosso (Famato). O Governo \u00e9 minoria no conselho, cumprindo o papel da ag\u00eancia de ser um servi\u00e7o social aut\u00f4nomo.<\/p>\n<p>O vice-governador, Otaviano Pivetta, aponta que a ag\u00eancia de fomento convoca os verdadeiros atores do desenvolvimento estadual para assumir a tarefa de promover o Estado.<\/p>\n<p>\u201cO Invest MT \u00e9 uma iniciativa inteligente, e muito mais do que isso, \u00e9 uma iniciativa que chama os verdadeiros atores do desenvolvimento de Mato Grosso para assumir uma tarefa importante: a de mostrar quem somos, o que fazemos, como fazemos e aonde queremos chegar. A nossa gest\u00e3o, do Mauro e minha, tem promovido inova\u00e7\u00f5es que nos enchem de esperan\u00e7a de que o setor p\u00fablico pode, sim, cumprir a fun\u00e7\u00e3o de fazer o bem para a sociedade\u201d, afirmou o vice-governador.<\/p>\n<div>\n<figure class=\"image\">\n<div><picture data-fileentryid=\"70587241\"><source srcset=\"\/o\/adaptive-media\/image\/70587241\/Thumbnail-1024x1024\/IMG_7176+%281%29.jpg?t=1741296513850\" media=\"(max-width:1024px)\" \/><img loading=\"lazy\" decoding=\"async\" src=\"https:\/\/www.secom.mt.gov.br\/documents\/d\/sedec\/img_7176-1-jpg?imageThumbnail=3\" alt=\"\" width=\"900\" height=\"675\" \/><\/picture>\n<div id=\"imgCaption_0\" class=\"imgCaption\"><\/div>\n<\/div><figcaption>Indicados ao Conselho e atores do projeto Invest MT<\/figcaption><\/figure>\n<\/div>\n<p>&nbsp;<\/p>\n<p>Para o secret\u00e1rio de Desenvolvimento Econ\u00f4mico e presidente do conselho do Invest MT, C\u00e9sar Miranda, este \u00e9 um sonho de seis anos como secret\u00e1rio saindo do papel.<\/p>\n<p>\u201cEsta \u00e9 uma iniciativa que apresentamos ao governador Mauro Mendes h\u00e1 alguns anos, o qual apoiou prontamente, assim como o vice-governador. Hoje nomeamos o conselho deliberativo para que o Invest MT possa, a partir da\u00ed, escolher o seu presidente e dar seus primeiros passos. \u00c9 um sonho da minha gest\u00e3o como secret\u00e1rio saindo do papel e tornando-se realidade, tornando-se uma ferramenta estrat\u00e9gica para a promo\u00e7\u00e3o do nosso Estado. Algo constru\u00eddo em equipe, na secretaria, no governo e com apoio das federa\u00e7\u00f5es\u201d, contou o secret\u00e1rio.<\/p>\n<p>O presidente da Fecom\u00e9rcio, Wenceslau J\u00fanior, destaca que o que ocorre em Mato Grosso \u00e9 in\u00e9dito.<\/p>\n<p>\u201cEst\u00e1vamos em miss\u00e3o na China quando tive conhecimento do projeto pelo secret\u00e1rio C\u00e9sar. Achei ambicioso e brilhante. Em Mato Grosso aconteceu algo in\u00e9dito, que \u00e9 a parceria das tr\u00eas federa\u00e7\u00f5es, as tr\u00eas trabalhando juntas, e, com isso, temos muito a crescer\u201d, disse.<\/p>\n<p><strong>Veja indicados ao conselho:<\/strong><br \/>\n<strong>Sedec\u00a0<\/strong><br \/>\n<strong>Titular<\/strong>\u00a0&#8211; presidente do conselho e secret\u00e1rio &#8211; C\u00e9sar Alberto Miranda Lima dos Santos Costa<br \/>\n<strong>Suplente<\/strong>\u00a0&#8211; secret\u00e1rio adjunto &#8211; \u00a0Anderson Martinis Lombardi<\/p>\n<p><strong>Vice-governadoria\u00a0<\/strong><br \/>\n<strong>Titular<\/strong>\u00a0&#8211; vice-governador Otaviano Pivetta<br \/>\n<strong>Suplente<\/strong>\u00a0&#8211; vago<\/p>\n<p><strong>MT Par<\/strong><br \/>\n<strong>Titular<\/strong>\u00a0&#8211; presidente &#8211; \u00a0Wener Klesley dos Santos<br \/>\n<strong>Suplente<\/strong>\u00a0&#8211; \u00a0chefe de gabinete da presid\u00eancia &#8211; Alexandre Varnei Rodrigues<\/p>\n<p><strong>Imac<br \/>\nTitular\u00a0<\/strong>&#8211; presidente &#8211; Caio Penido Dalla Vecchia<br \/>\n<strong>Suplente<\/strong>\u00a0&#8211; diretora executiva &#8211; Paula Ferreira Neves Sodr\u00e9 Queiroz<\/p>\n<p><strong>Fiemt<br \/>\nTitular<\/strong>\u00a0&#8211; presidente &#8211; Silvio Cezar Pereira Rangel<br \/>\n<strong>Suplente<\/strong>\u00a0&#8211; superintendente da Fiemt e IEL &#8211; Fernanda Aparecida Campos Silva<\/p>\n<p><strong>Famato<br \/>\nTitular<\/strong>\u00a0&#8211; presidente &#8211; Vilmondes Sebasti\u00e3o Tomain<br \/>\n<strong>Suplente<\/strong>\u00a0&#8211; Superintendente do Imea &#8211; Cleiton Jair Gauer<\/p>\n<p><strong>Fecom\u00e9rcio<br \/>\nTitular<\/strong>\u00a0&#8211; presidente &#8211; Jos\u00e9 Wenceslau de Souza<br \/>\n<strong>Suplente<\/strong>\u00a0&#8211; vice-presidente &#8211; Marco S\u00e9rgio Pessoa<\/p>\n<\/div>\n","protected":false},"excerpt":{"rendered":"<p>Indicados ser\u00e3o apreciados e nomeados pelo governador Mauro Mendes. Maria Julia Souza\u00a0|\u00a0Sedec-MT Os membros do<\/p>\n","protected":false},"author":2,"featured_media":47863,"comment_status":"open","ping_status":"open","sticky":false,"template":"","format":"standard","meta":{"footnotes":""},"categories":[13,2],"tags":[],"aioseo_notices":[],"_links":{"self":[{"href":"https:\/\/portalnewsgta.com.br\/index.php\/wp-json\/wp\/v2\/posts\/47862"}],"collection":[{"href":"https:\/\/portalnewsgta.com.br\/index.php\/wp-json\/wp\/v2\/posts"}],"about":[{"href":"https:\/\/portalnewsgta.com.br\/index.php\/wp-json\/wp\/v2\/types\/post"}],"author":[{"embeddable":true,"href":"https:\/\/portalnewsgta.com.br\/index.php\/wp-json\/wp\/v2\/users\/2"}],"replies":[{"embeddable":true,"href":"https:\/\/portalnewsgta.com.br\/index.php\/wp-json\/wp\/v2\/comments?post=47862"}],"version-history":[{"count":1,"href":"https:\/\/portalnewsgta.com.br\/index.php\/wp-json\/wp\/v2\/posts\/47862\/revisions"}],"predecessor-version":[{"id":47864,"href":"https:\/\/portalnewsgta.com.br\/index.php\/wp-json\/wp\/v2\/posts\/47862\/revisions\/47864"}],"wp:featuredmedia":[{"embeddable":true,"href":"https:\/\/portalnewsgta.com.br\/index.php\/wp-json\/wp\/v2\/media\/47863"}],"wp:attachment":[{"href":"https:\/\/portalnewsgta.com.br\/index.php\/wp-json\/wp\/v2\/media?parent=47862"}],"wp:term":[{"taxonomy":"category","embeddable":true,"href":"https:\/\/portalnewsgta.com.br\/index.php\/wp-json\/wp\/v2\/categories?post=47862"},{"taxonomy":"post_tag","embeddable":true,"href":"https:\/\/portalnewsgta.com.br\/index.php\/wp-json\/wp\/v2\/tags?post=47862"}],"curies":[{"name":"wp","href":"https:\/\/api.w.org\/{rel}","templated":true}]}}