{"id":47836,"date":"2025-03-07T06:43:29","date_gmt":"2025-03-07T09:43:29","guid":{"rendered":"https:\/\/portalnewsgta.com.br\/index.php\/2025\/03\/07\/promessa-de-abel-ferreira-sofre-racismo-e-desaba-em-lagrimas-e-crime\/"},"modified":"2025-03-07T06:43:29","modified_gmt":"2025-03-07T09:43:29","slug":"promessa-de-abel-ferreira-sofre-racismo-e-desaba-em-lagrimas-e-crime","status":"publish","type":"post","link":"https:\/\/portalnewsgta.com.br\/index.php\/2025\/03\/07\/promessa-de-abel-ferreira-sofre-racismo-e-desaba-em-lagrimas-e-crime\/","title":{"rendered":"Promessa de Abel Ferreira sofre racismo e desaba em l\u00e1grimas: &#8220;\u00c9 crime&#8221;"},"content":{"rendered":"<p>O Palmeiras conquistou uma vit\u00f3ria expressiva sobre o Cerro Porte\u00f1o por 3 a 0, nesta quinta-feira (7), em partida v\u00e1lida pela fase de grupos da Copa Libertadores Sub-20. No entanto, o resultado foi ofuscado por um lament\u00e1vel epis\u00f3dio de racismo contra o jogador Luighi, na reta final do confronto, no Paraguai.<\/p>\n<div class=\"dummyPub\">\u00a0<\/div>\n<p>Aos 80 minutos, o meia de 18 anos foi substitu\u00eddo por Ant\u00f4nio Marcos e, ao se dirigir ao banco de reservas, foi alvo de ataques racistas vindos da arquibancada. Um torcedor paraguaio imitou sons de macaco e, al\u00e9m disso, Luighi foi atingido por cusparadas, o que o levou \u00e0s l\u00e1grimas.<\/p>\n<p>Ap\u00f3s a partida, o jovem atleta desabafou na zona de entrevistas r\u00e1pidas, indignado com a falta de questionamentos sobre o ocorrido:<br \/>&#8220;A s\u00e9rio? N\u00e3o v\u00e3o me perguntar sobre o ato de racismo que ocorreu hoje comigo? At\u00e9 quando vamos passar por isso?&#8221;, disse visivelmente abalado.<\/p>\n<p>O Palmeiras se manifestou por meio de uma nota oficial, repudiando o ato e prometendo tomar medidas para que os respons\u00e1veis sejam punidos:<\/p>\n<p>&#8220;\u00c9 inadmiss\u00edvel que, mais uma vez, um clube brasileiro tenha de lamentar um ato criminoso de racismo ocorrido em jogos v\u00e1lidos por competi\u00e7\u00f5es da CONMEBOL&#8221;, declarou o clube.<\/p>\n<p>A equipe paulista refor\u00e7ou o compromisso na luta contra a discrimina\u00e7\u00e3o:<br \/>&#8220;Racismo \u00e9 crime! E a impunidade \u00e9 c\u00famplice dos covardes! As suas l\u00e1grimas, Luighi, s\u00e3o nossas! A fam\u00edlia Palmeiras tem orgulho de voc\u00ea&#8221;, concluiu o comunicado.<\/p>\n<p>\u00a0<\/p>\n<p>\u00c9 inadmiss\u00edvel que, mais uma vez, um clube brasileiro tenha de lamentar um ato criminoso de racismo ocorrido em jogos v\u00e1lidos por competi\u00e7\u00f5es da CONMEBOL. A Sociedade Esportiva Palmeiras presta toda solidariedade aos atletas do clube que est\u00e3o disputando a Libertadores Sub-20 no\u2026 <a href=\"https:\/\/t.co\/qTj4TIaO9X\">pic.twitter.com\/qTj4TIaO9X<\/a><\/p>\n<p>\u2014 SE Palmeiras (@Palmeiras) <a href=\"https:\/\/twitter.com\/Palmeiras\/status\/1897804558044381406?ref_src=twsrc%5Etfw\">March 7, 2025<\/a><\/p>\n<p>Leia Tamb\u00e9m: <a href=\"https:\/\/www.noticiasaominuto.com.br\/esporte\/2265351\/neymar-comemora-volta-a-selecao-como-jogador-do-santos\" target=\"_blank\" rel=\"noopener\">Neymar comemora volta \u00e0 sele\u00e7\u00e3o como jogador do Santos<\/a><\/p>\n<p>Fonte: noticiasaominuto.com.br<\/p>\n","protected":false},"excerpt":{"rendered":"<p>O Palmeiras conquistou uma vit\u00f3ria expressiva sobre o Cerro Porte\u00f1o por 3 a 0, nesta<\/p>\n","protected":false},"author":0,"featured_media":47837,"comment_status":"open","ping_status":"open","sticky":false,"template":"","format":"standard","meta":{"footnotes":""},"categories":[4],"tags":[],"aioseo_notices":[],"_links":{"self":[{"href":"https:\/\/portalnewsgta.com.br\/index.php\/wp-json\/wp\/v2\/posts\/47836"}],"collection":[{"href":"https:\/\/portalnewsgta.com.br\/index.php\/wp-json\/wp\/v2\/posts"}],"about":[{"href":"https:\/\/portalnewsgta.com.br\/index.php\/wp-json\/wp\/v2\/types\/post"}],"replies":[{"embeddable":true,"href":"https:\/\/portalnewsgta.com.br\/index.php\/wp-json\/wp\/v2\/comments?post=47836"}],"version-history":[{"count":0,"href":"https:\/\/portalnewsgta.com.br\/index.php\/wp-json\/wp\/v2\/posts\/47836\/revisions"}],"wp:featuredmedia":[{"embeddable":true,"href":"https:\/\/portalnewsgta.com.br\/index.php\/wp-json\/wp\/v2\/media\/47837"}],"wp:attachment":[{"href":"https:\/\/portalnewsgta.com.br\/index.php\/wp-json\/wp\/v2\/media?parent=47836"}],"wp:term":[{"taxonomy":"category","embeddable":true,"href":"https:\/\/portalnewsgta.com.br\/index.php\/wp-json\/wp\/v2\/categories?post=47836"},{"taxonomy":"post_tag","embeddable":true,"href":"https:\/\/portalnewsgta.com.br\/index.php\/wp-json\/wp\/v2\/tags?post=47836"}],"curies":[{"name":"wp","href":"https:\/\/api.w.org\/{rel}","templated":true}]}}