{"id":47816,"date":"2025-03-06T18:42:46","date_gmt":"2025-03-06T21:42:46","guid":{"rendered":"https:\/\/portalnewsgta.com.br\/index.php\/2025\/03\/06\/karla-sofia-gascon-agradece-madonna-por-elogio-a-emilia-perez\/"},"modified":"2025-03-06T18:42:46","modified_gmt":"2025-03-06T21:42:46","slug":"karla-sofia-gascon-agradece-madonna-por-elogio-a-emilia-perez","status":"publish","type":"post","link":"https:\/\/portalnewsgta.com.br\/index.php\/2025\/03\/06\/karla-sofia-gascon-agradece-madonna-por-elogio-a-emilia-perez\/","title":{"rendered":"Karla Sof\u00eda Gasc\u00f3n agradece Madonna por elogio a &#8216;Emilia P\u00e9rez&#8217;"},"content":{"rendered":"<p>S\u00c3O PAULO, SP (FOLHAPRESS) &#8211; As pol\u00eamicas da protagonista de &#8220;Emilia P\u00e9rez&#8221; e o descontentamento de parte do p\u00fablico com o filme n\u00e3o impediram Madonna de apoiar publicamente a produ\u00e7\u00e3o.<\/p>\n<div class=\"dummyPub\">\u00a0<\/div>\n<p>Dias depois da cerim\u00f4nia do Oscar, a cantora postou fotos de bastidores da premia\u00e7\u00e3o. Em uma delas, ela tietou Jacques Audiard, diretor do filme, e segurou um dos dois trof\u00e9us que o filme levou.<\/p>\n<p>&#8220;Pude passar um tempo com pessoas que amo e admiro. O destaque da noite para mim foi sentar ao lado do Jacques, diretor de &#8216;Emilia&#8217;, meu filme favorito do ano. E assistir Lil Wayne se apresentar.&#8221;<\/p>\n<p>A produ\u00e7\u00e3o concorreu em 13 categorias do Oscar, e ganhou em duas: melhor atriz coadjuvante, com Zoe Salda\u00f1a, e melhor can\u00e7\u00e3o original, com &#8220;El Mal&#8221;.<\/p>\n<p>Ap\u00f3s a postagem, Karla Sof\u00eda Gasc\u00f3n agradeceu a cantora pelo apoio e publicou uma foto em que as duas se abra\u00e7am.<\/p>\n<p>&#8220;Quero te agradecer por todo amor que voc\u00ea demonstrou ter por mim, pelo convite para a sua festa depois do Oscar e pelas suas palavras de amor e for\u00e7a. Amo voc\u00ea&#8221;, escreveu.<\/p>\n<p>Durante a campanha para a premia\u00e7\u00e3o, publica\u00e7\u00f5es com declara\u00e7\u00f5es racistas e xenof\u00f3bicas da atriz espanhola vieram \u00e0 tona. Para abafar a pol\u00eamica, Karla foi exclu\u00edda pela equipe de divulga\u00e7\u00e3o.<\/p>\n<p>Nos coment\u00e1rios da postagem de Madonna, brasileiros discordaram da rainha do pop. &#8220;Emilia P\u00e9rez? P\u00e9ssima escolha&#8221;, escreveu o perfil de Emanuel Gomes. &#8220;Lindas fotos e look, mas gosto duvidoso sobre melhor filme&#8221; opinou o internauta @cafecomrafa.<\/p>\n<p>Leia Tamb\u00e9m: <a href=\"https:\/\/www.noticiasaominuto.com.br\/fama\/2265021\/fernanda-torres-recusa-convite-para-participar-de-desfile-das-escolas-campeas-na-sapucai\" target=\"_blank\" rel=\"noopener\">Fernanda Torres recusa convite para participar de desfile das escolas campe\u00e3s na Sapuca\u00ed<\/a><\/p>\n<p>Fonte: noticiasaominuto.com.br<\/p>\n","protected":false},"excerpt":{"rendered":"<p>S\u00c3O PAULO, SP (FOLHAPRESS) &#8211; As pol\u00eamicas da protagonista de &#8220;Emilia P\u00e9rez&#8221; e o descontentamento<\/p>\n","protected":false},"author":0,"featured_media":47817,"comment_status":"open","ping_status":"open","sticky":false,"template":"","format":"standard","meta":{"footnotes":""},"categories":[6],"tags":[],"aioseo_notices":[],"_links":{"self":[{"href":"https:\/\/portalnewsgta.com.br\/index.php\/wp-json\/wp\/v2\/posts\/47816"}],"collection":[{"href":"https:\/\/portalnewsgta.com.br\/index.php\/wp-json\/wp\/v2\/posts"}],"about":[{"href":"https:\/\/portalnewsgta.com.br\/index.php\/wp-json\/wp\/v2\/types\/post"}],"replies":[{"embeddable":true,"href":"https:\/\/portalnewsgta.com.br\/index.php\/wp-json\/wp\/v2\/comments?post=47816"}],"version-history":[{"count":0,"href":"https:\/\/portalnewsgta.com.br\/index.php\/wp-json\/wp\/v2\/posts\/47816\/revisions"}],"wp:featuredmedia":[{"embeddable":true,"href":"https:\/\/portalnewsgta.com.br\/index.php\/wp-json\/wp\/v2\/media\/47817"}],"wp:attachment":[{"href":"https:\/\/portalnewsgta.com.br\/index.php\/wp-json\/wp\/v2\/media?parent=47816"}],"wp:term":[{"taxonomy":"category","embeddable":true,"href":"https:\/\/portalnewsgta.com.br\/index.php\/wp-json\/wp\/v2\/categories?post=47816"},{"taxonomy":"post_tag","embeddable":true,"href":"https:\/\/portalnewsgta.com.br\/index.php\/wp-json\/wp\/v2\/tags?post=47816"}],"curies":[{"name":"wp","href":"https:\/\/api.w.org\/{rel}","templated":true}]}}