{"id":47814,"date":"2025-03-06T17:42:47","date_gmt":"2025-03-06T20:42:47","guid":{"rendered":"https:\/\/portalnewsgta.com.br\/index.php\/2025\/03\/06\/fernanda-torres-recusa-convite-para-participar-de-desfile-das-escolas-campeas-na-sapucai\/"},"modified":"2025-03-06T17:42:47","modified_gmt":"2025-03-06T20:42:47","slug":"fernanda-torres-recusa-convite-para-participar-de-desfile-das-escolas-campeas-na-sapucai","status":"publish","type":"post","link":"https:\/\/portalnewsgta.com.br\/index.php\/2025\/03\/06\/fernanda-torres-recusa-convite-para-participar-de-desfile-das-escolas-campeas-na-sapucai\/","title":{"rendered":"Fernanda Torres recusa convite para participar de desfile das escolas campe\u00e3s na Sapuca\u00ed"},"content":{"rendered":"<p>S\u00c3O PAULO, SP (FOLHAPRESS) &#8211; H\u00e1 seis meses promovendo &#8220;Ainda Estou Aqui&#8221; em diversos eventos e participando de premia\u00e7\u00f5es internacionais, Fernanda Torres precisa descansar.<\/p>\n<div class=\"dummyPub\">\u00a0<\/div>\n<p>Foi por esse motivo que a atriz recusou o convite do prefeito do Rio de Janeiro, Eduardo Paes, para participar do desfile das Campe\u00e3s no s\u00e1bado (8), na Sapuca\u00ed, conforme noticiado pelo F5.<\/p>\n<p>A assessoria de imprensa da atriz afirmou ao F5 que ela n\u00e3o vai. De acordo com o portal UOL, a atriz disse que n\u00e3o para desde setembro. &#8220;As homenagens s\u00e3o bem-vindas, mas sem a minha presen\u00e7a, porque estou muito cansada, trabalhando sem parar h\u00e1 6 meses e precisando parar. Muito obrigada pelo carinho.&#8221;<\/p>\n<p>Em entrevista coletiva a jornalistas ap\u00f3s o Oscar, a atriz usou \u00f3culos escuros e disse que os planos para quando voltar ao Brasil s\u00e3o dormir.<\/p>\n<p>&#8220;O que a gente fez nesse per\u00edodo foi mostrar esse filme. Me senti como representante do Brasil no mundo. Esse filme apresenta ao mundo o melhor que o Brasil tem: afetividade e calor humano. Foi muito emocionante.&#8221;<\/p>\n<p>Leia Tamb\u00e9m: <a href=\"https:\/\/www.noticiasaominuto.com.br\/fama\/2264921\/vestido-de-fernanda-torres-do-oscar-levou-450-horas-para-ser-feito\" target=\"_blank\" rel=\"noopener\">Vestido de Fernanda Torres do Oscar levou 450 horas para ser feito<\/a><\/p>\n<p>Fonte: noticiasaominuto.com.br<\/p>\n","protected":false},"excerpt":{"rendered":"<p>S\u00c3O PAULO, SP (FOLHAPRESS) &#8211; H\u00e1 seis meses promovendo &#8220;Ainda Estou Aqui&#8221; em diversos eventos<\/p>\n","protected":false},"author":0,"featured_media":47815,"comment_status":"open","ping_status":"open","sticky":false,"template":"","format":"standard","meta":{"footnotes":""},"categories":[6],"tags":[],"aioseo_notices":[],"_links":{"self":[{"href":"https:\/\/portalnewsgta.com.br\/index.php\/wp-json\/wp\/v2\/posts\/47814"}],"collection":[{"href":"https:\/\/portalnewsgta.com.br\/index.php\/wp-json\/wp\/v2\/posts"}],"about":[{"href":"https:\/\/portalnewsgta.com.br\/index.php\/wp-json\/wp\/v2\/types\/post"}],"replies":[{"embeddable":true,"href":"https:\/\/portalnewsgta.com.br\/index.php\/wp-json\/wp\/v2\/comments?post=47814"}],"version-history":[{"count":0,"href":"https:\/\/portalnewsgta.com.br\/index.php\/wp-json\/wp\/v2\/posts\/47814\/revisions"}],"wp:featuredmedia":[{"embeddable":true,"href":"https:\/\/portalnewsgta.com.br\/index.php\/wp-json\/wp\/v2\/media\/47815"}],"wp:attachment":[{"href":"https:\/\/portalnewsgta.com.br\/index.php\/wp-json\/wp\/v2\/media?parent=47814"}],"wp:term":[{"taxonomy":"category","embeddable":true,"href":"https:\/\/portalnewsgta.com.br\/index.php\/wp-json\/wp\/v2\/categories?post=47814"},{"taxonomy":"post_tag","embeddable":true,"href":"https:\/\/portalnewsgta.com.br\/index.php\/wp-json\/wp\/v2\/tags?post=47814"}],"curies":[{"name":"wp","href":"https:\/\/api.w.org\/{rel}","templated":true}]}}