{"id":47812,"date":"2025-03-06T16:42:59","date_gmt":"2025-03-06T19:42:59","guid":{"rendered":"https:\/\/portalnewsgta.com.br\/index.php\/2025\/03\/06\/apos-505-dias-neymar-volta-a-selecao-com-missao-de-aplacar-crise-em-campo\/"},"modified":"2025-03-06T16:42:59","modified_gmt":"2025-03-06T19:42:59","slug":"apos-505-dias-neymar-volta-a-selecao-com-missao-de-aplacar-crise-em-campo","status":"publish","type":"post","link":"https:\/\/portalnewsgta.com.br\/index.php\/2025\/03\/06\/apos-505-dias-neymar-volta-a-selecao-com-missao-de-aplacar-crise-em-campo\/","title":{"rendered":"Ap\u00f3s 505 dias, Neymar volta \u00e0 sele\u00e7\u00e3o com miss\u00e3o de aplacar crise em campo"},"content":{"rendered":"<p>S\u00c3O PAULO, SP (FOLHAPRESS) &#8211; 505 dias ap\u00f3s sofrer uma grave les\u00e3o que o deixou fora de a\u00e7\u00e3o por mais de um ano, Neymar est\u00e1 oficialmente de volta \u00e0 sele\u00e7\u00e3o brasileira.<\/p>\n<div class=\"dummyPub\">\u00a0<\/div>\n<p>O an\u00fancio do retorno do atleta do Santos \u00e0 forma\u00e7\u00e3o nacional foi feita na manh\u00e3 desta quinta-feira (6) pelo t\u00e9cnico Dorival J\u00fanior na sede da CBF (Confedera\u00e7\u00e3o Brasileira de Futebol), no Rio de Janeiro.<\/p>\n<p>O treinador convocou 23 jogadores para as partidas contra a Col\u00f4mbia, em Bras\u00edlia, e a Argentina, em Buenos Aires, nos dias 20 e 25 de mar\u00e7o, respectivamente. Os jogos s\u00e3o v\u00e1lidos pelas Eliminat\u00f3rias para a Copa do Mundo de 2026.<\/p>\n<p>O Brasil ocupa atualmente a quinta posi\u00e7\u00e3o na classificat\u00f3ria sul-americana, com 18 pontos -os seis primeiros garantem vaga direta ao Mundial. A Argentina de Lionel Messi lidera, com 25 pontos, enquanto a Col\u00f4mbia \u00e9 a quarta colocada, com 19 pontos.<\/p>\n<p>A \u00faltima vez em que Neymar atuou pela sele\u00e7\u00e3o foi no dia 17 de outubro de 2023, quando sofreu a les\u00e3o mais grave da carreira: as rupturas no ligamento cruzado anterior e no menisco do joelho esquerdo, em jogada no fim do primeiro tempo na derrota por 2 a 0 para o Uruguai pelas Eliminat\u00f3rias, em Montevid\u00e9u.<\/p>\n<p>Na \u00e9poca, a equipe ainda era dirigida pelo t\u00e9cnico Fernando Diniz. Sem poder contar com seu principal jogador, a sele\u00e7\u00e3o ainda sofreria mais duas derrotas no fim de 2023, justamente para Col\u00f4mbia e Argentina, o que acabou resultando na demiss\u00e3o de Diniz.<\/p>\n<p>Dorival J\u00fanior assumiu no in\u00edcio de 2024 com a miss\u00e3o de encerrar a m\u00e1 fase do antecessor e chegou a ter um in\u00edcio promissor, com vit\u00f3ria contra a Inglaterra em Wembley e empate com a Espanha no Santiago Bernab\u00e9u.<\/p>\n<p>Na sequ\u00eancia, no entanto, a equipe n\u00e3o conseguiu engrenar e encontrou dificuldades para apresentar um desempenho consistente dentro de campo, sem que Vinicius Junior e Rodrygo conseguissem assumir o posto de protagonistas no ataque deixado vago por Neymar.<\/p>\n<p>A forma\u00e7\u00e3o acabou eliminada precocemente pelo Uruguai nas quartas de final da Copa Am\u00e9rica, e ainda amargaria resultados decepcionantes pelas Eliminat\u00f3rias, com derrota para o Paraguai e empate com a Venezuela.<\/p>\n<p>Com questionamentos ao trabalho de Dorival J\u00fanior ao fim de uma temporada irregular, Neymar desponta em 2025 como a grande esperan\u00e7a para que o Brasil volte a apresentar um desempenho melhor dentro das quatro linhas e assegure, assim, sua vaga na Copa do ano que vem.<\/p>\n<p>As primeiras partidas desde o retorno ao Santos no fim de janeiro trazem indicativos animadores \u00e0 torcida. Aos 33 anos, o jogador tem liderado os companheiros dentro de campo e teve papel importante na classifica\u00e7\u00e3o do alvinegro praiano \u00e0s semifinais do Campeonato Paulista contra o Corinthians, no pr\u00f3ximo domingo (9). Ele atuou em sete partidas pelo estadual at\u00e9 aqui e marcou tr\u00eas gols -um deles ol\u00edmpico, o primeiro de sua carreira.<\/p>\n<p>Fonte: noticiasaominuto.com.br<\/p>\n","protected":false},"excerpt":{"rendered":"<p>S\u00c3O PAULO, SP (FOLHAPRESS) &#8211; 505 dias ap\u00f3s sofrer uma grave les\u00e3o que o deixou<\/p>\n","protected":false},"author":0,"featured_media":47813,"comment_status":"open","ping_status":"open","sticky":false,"template":"","format":"standard","meta":{"footnotes":""},"categories":[4],"tags":[],"aioseo_notices":[],"_links":{"self":[{"href":"https:\/\/portalnewsgta.com.br\/index.php\/wp-json\/wp\/v2\/posts\/47812"}],"collection":[{"href":"https:\/\/portalnewsgta.com.br\/index.php\/wp-json\/wp\/v2\/posts"}],"about":[{"href":"https:\/\/portalnewsgta.com.br\/index.php\/wp-json\/wp\/v2\/types\/post"}],"replies":[{"embeddable":true,"href":"https:\/\/portalnewsgta.com.br\/index.php\/wp-json\/wp\/v2\/comments?post=47812"}],"version-history":[{"count":0,"href":"https:\/\/portalnewsgta.com.br\/index.php\/wp-json\/wp\/v2\/posts\/47812\/revisions"}],"wp:featuredmedia":[{"embeddable":true,"href":"https:\/\/portalnewsgta.com.br\/index.php\/wp-json\/wp\/v2\/media\/47813"}],"wp:attachment":[{"href":"https:\/\/portalnewsgta.com.br\/index.php\/wp-json\/wp\/v2\/media?parent=47812"}],"wp:term":[{"taxonomy":"category","embeddable":true,"href":"https:\/\/portalnewsgta.com.br\/index.php\/wp-json\/wp\/v2\/categories?post=47812"},{"taxonomy":"post_tag","embeddable":true,"href":"https:\/\/portalnewsgta.com.br\/index.php\/wp-json\/wp\/v2\/tags?post=47812"}],"curies":[{"name":"wp","href":"https:\/\/api.w.org\/{rel}","templated":true}]}}