{"id":47804,"date":"2025-03-06T14:42:42","date_gmt":"2025-03-06T17:42:42","guid":{"rendered":"https:\/\/portalnewsgta.com.br\/index.php\/2025\/03\/06\/flamengo-tem-4-nomes-e-lidera-futebol-brasileiro-na-selecao\/"},"modified":"2025-03-06T14:42:42","modified_gmt":"2025-03-06T17:42:42","slug":"flamengo-tem-4-nomes-e-lidera-futebol-brasileiro-na-selecao","status":"publish","type":"post","link":"https:\/\/portalnewsgta.com.br\/index.php\/2025\/03\/06\/flamengo-tem-4-nomes-e-lidera-futebol-brasileiro-na-selecao\/","title":{"rendered":"Flamengo tem 4 nomes e lidera futebol brasileiro na sele\u00e7\u00e3o"},"content":{"rendered":"<p>S\u00c3O PAULO, SP (UOL\/FOLHAPRESS) &#8211; O Flamengo teve quatro jogadores convocados para as partidas da sele\u00e7\u00e3o brasileira contra Col\u00f4mbia e Argentina, pelas Eliminat\u00f3rias para a Copa do Mundo. O Rubro-Negro foi o clube brasileiro com mais representantes na lista, que teve sete nomes do futebol nacional.<\/p>\n<div class=\"dummyPub\">\u00a0<\/div>\n<p>O lateral-direito Wesley, os zagueiros Danilo e L\u00e9o Ortiz e o volante Gerson integram a lista do t\u00e9cnico Dorival J\u00fanior anunciada na manh\u00e3 de hoje (6). Al\u00e9m deles, Guilherme Arana, do Atl\u00e9tico-MG, Neymar, do Santos, e Est\u00eav\u00e3o, do Palmeiras, tamb\u00e9m foram lembrados.<\/p>\n<p>O Brasil enfrentar\u00e1 a Col\u00f4mbia no dia 20, no Man\u00e9 Garrincha, e a Argentina no dia 25, no Monumental de N\u00fa\u00f1ez. Os jogadores se apresentam no dia 17, em Bras\u00edlia<\/p>\n<p>O Flamengo n\u00e3o ter\u00e1 desfalques caso avance \u00e0 decis\u00e3o do Campeonato Carioca. A disputa pelo t\u00edtulo Estadual est\u00e1 marcada para os dias 12 e 15 ou 16 -o time de Filipe Lu\u00eds venceu o primeiro duelo com o Vasco por 1 a 0 e tem vantagem de avan\u00e7ar \u00e0 decis\u00e3o em caso de &#8220;empate de pontos e saldo de gols&#8221;.<\/p>\n<p>O Atl\u00e9tico-MG tamb\u00e9m n\u00e3o ter\u00e1 preju\u00edzo. As partidas finais do Mineiro, contra o Am\u00e9rica-MG, est\u00e3o marcadas para o dia 8 e dia 15.<\/p>\n<p>O Campeonato Paulista ainda est\u00e1 na fase semifinal. O Palmeiras vai enfrentar o S\u00e3o Paulo, na segunda-feira, no Allianz Parque, enquanto o Corinthians encara o Santos domingo, na Neo Qu\u00edmica Arena.<\/p>\n<p>Em alta no Rubro-Negro, Wesley \u00e9 uma das novidades desta lista. A convoca\u00e7\u00e3o teve seis mudan\u00e7as em rela\u00e7\u00e3o \u00e0 anterior, em novembro do ano passado.<\/p>\n<p>Desde 2022 eu conhe\u00e7o o Wesley, trazia para treinamentos. Juan est\u00e1 aqui, teve uma ou duas convoca\u00e7\u00f5es. \u00c9 um jogador promissor. Naquele momento t\u00ednhamos tr\u00eas laterais atuando com frequ\u00eancia, mas ele chamava aten\u00e7\u00e3o. Um jogador muito interessante. De setembro para c\u00e1 ele conseguiu um salto de qualidade que o credenciou ao momento. \u00c9 um apelo, todos viram o que aconteceu com esse garoto. \u00c9 uma condi\u00e7\u00e3o Dorival J\u00fanior<\/p>\n<p>Danilo foi chamado como zagueiro, fun\u00e7\u00e3o que vem fazendo no Flamengo. O jogador, que tamb\u00e9m atua como lateral-direito, inclusive, mostra bom entrosamento com o pr\u00f3prio Wesley.<\/p>\n<p>Neymar voltou a ser convocado. O meia-atacante, que voltou ao Santos nesta temporada, n\u00e3o defendia a sele\u00e7\u00e3o desde outubro de 2023 devido a les\u00f5es.<\/p>\n<p>O camisa 10 atuou em sete partidas pelo Peixe at\u00e9 aqui. Ele marcou tr\u00eas gols -um deles ol\u00edmpico- e deu tr\u00eas assist\u00eancias.<\/p>\n<p>Momento que ele vive e um processo de recupera\u00e7\u00e3o, temos esse entendimento, mas as qualidades de um jogador como esse acabam sendo um condicionante para que ele venha a acontecer na partida. \u00c9 um jogador que os pr\u00f3prios atletas j\u00e1 expressaram publicamente o que ele representa dentro do grupo, est\u00e1vamos naturalmente aguardando, \u00e9 a primeira oportunidade de t\u00ea-lo \u00e0 disposi\u00e7\u00e3o. \u00c9 um jogador que todos conhecem muito bem, espero que seja muito feliz nesse retorno, que tamb\u00e9m possamos dar seguran\u00e7a para ele desenvolver o seu melhor dentro do momento que ele vive. N\u00e3o criemos uma expectativa alt\u00edssima jogando toda a responsabilidade em cima desse retorno<\/p>\n<p><span class=\"news_bold\">Dorival J\u00fanior<\/span><\/p>\n<p>Guilherme Arana foi o \u00fanico chamado para a lateral esquerda. Dorival J\u00fanior admitiu que, caso necess\u00e1rio, poder\u00e1 fazer improvisos no setor.<\/p>\n<p>Abner, a solu\u00e7\u00e3o anterior, \u00e9 muitas vezes reserva no Lyon e ficou fora da lista. Os demais nomes na pr\u00e9-convoca\u00e7\u00e3o eram todos experientes e presentes em outros ciclos da sele\u00e7\u00e3o: Alex Sandro, Alex Telles e Douglas Santos.<\/p>\n<p>\u00c9 uma configura\u00e7\u00e3o para o que pensamos dos dois advers\u00e1rios. Confio na versatilidade. Voc\u00ea citou o Danilo, ele atua em qualquer fun\u00e7\u00e3o da \u00faltima linha, a lateral, posi\u00e7\u00e3o de of\u00edcio, e tamb\u00e9m zagueiro central ou terceiro homem. Assim como jogou como lateral-esquerdo. Deixo esse exerc\u00edcio para voc\u00eas, j\u00e1 temos na cabe\u00e7a o que queremos para os dois jogos Dorival J\u00fanior<\/p>\n<p><span class=\"news_bold\">VEJA OS CONVOCADOS<\/span><\/p>\n<p>Goleiros: Alisson (Liverpool), Bento (Al Nassr) e Ederson (Manchester City)<br \/>Laterais-direitos: Vanderson (Monaco) e Wesley (Flamengo)<br \/>Zagueiros: Danilo (Flamengo), Gabriel Magalh\u00e3es (Arsenal), L\u00e9o Ortiz (Flamengo), Marquinhos (PSG) e Murillo (Nottingham Forest)<br \/>Laterais-esquerdos: Guilherme Arana (Atl\u00e9tico-MG)<br \/>Meio-campistas: Andr\u00e9 (Wolverhampton), Bruno Guimar\u00e3es (Newcastle), Gerson (Flamengo), Joelinton (Newcastle), Matheus Cunha (Wolverhampton) e Neymar (Santos)<br \/>Atacantes: Est\u00eav\u00e3o (Palmeiras), Jo\u00e3o Pedro (Brighton), Raphinha (Barcelona), Rodrygo (Real Madrid), Savinho (Manchester City) e Vinicius Jr (Real Madrid)<\/p>\n<p>Fonte: noticiasaominuto.com.br<\/p>\n","protected":false},"excerpt":{"rendered":"<p>S\u00c3O PAULO, SP (UOL\/FOLHAPRESS) &#8211; O Flamengo teve quatro jogadores convocados para as partidas da<\/p>\n","protected":false},"author":0,"featured_media":47805,"comment_status":"open","ping_status":"open","sticky":false,"template":"","format":"standard","meta":{"footnotes":""},"categories":[4],"tags":[],"aioseo_notices":[],"_links":{"self":[{"href":"https:\/\/portalnewsgta.com.br\/index.php\/wp-json\/wp\/v2\/posts\/47804"}],"collection":[{"href":"https:\/\/portalnewsgta.com.br\/index.php\/wp-json\/wp\/v2\/posts"}],"about":[{"href":"https:\/\/portalnewsgta.com.br\/index.php\/wp-json\/wp\/v2\/types\/post"}],"replies":[{"embeddable":true,"href":"https:\/\/portalnewsgta.com.br\/index.php\/wp-json\/wp\/v2\/comments?post=47804"}],"version-history":[{"count":0,"href":"https:\/\/portalnewsgta.com.br\/index.php\/wp-json\/wp\/v2\/posts\/47804\/revisions"}],"wp:featuredmedia":[{"embeddable":true,"href":"https:\/\/portalnewsgta.com.br\/index.php\/wp-json\/wp\/v2\/media\/47805"}],"wp:attachment":[{"href":"https:\/\/portalnewsgta.com.br\/index.php\/wp-json\/wp\/v2\/media?parent=47804"}],"wp:term":[{"taxonomy":"category","embeddable":true,"href":"https:\/\/portalnewsgta.com.br\/index.php\/wp-json\/wp\/v2\/categories?post=47804"},{"taxonomy":"post_tag","embeddable":true,"href":"https:\/\/portalnewsgta.com.br\/index.php\/wp-json\/wp\/v2\/tags?post=47804"}],"curies":[{"name":"wp","href":"https:\/\/api.w.org\/{rel}","templated":true}]}}