{"id":47800,"date":"2025-03-06T12:42:59","date_gmt":"2025-03-06T15:42:59","guid":{"rendered":"https:\/\/portalnewsgta.com.br\/index.php\/2025\/03\/06\/jogador-do-bragantino-segue-reagindo-e-e-transferido-de-hospital\/"},"modified":"2025-03-06T12:42:59","modified_gmt":"2025-03-06T15:42:59","slug":"jogador-do-bragantino-segue-reagindo-e-e-transferido-de-hospital","status":"publish","type":"post","link":"https:\/\/portalnewsgta.com.br\/index.php\/2025\/03\/06\/jogador-do-bragantino-segue-reagindo-e-e-transferido-de-hospital\/","title":{"rendered":"Jogador do Bragantino segue reagindo e \u00e9 transferido de hospital"},"content":{"rendered":"<p>(UOL\/FOLHAPRESS) &#8211; Pedro Severino, jogador do Red Bull Bragantino de 19 anos que sofreu grave acidente, foi transferido de hospital ap\u00f3s ter dado ind\u00edcios de melhora.<\/p>\n<div class=\"dummyPub\">\u00a0<\/div>\n<p>Pedro Severino foi transferido nesta manh\u00e3 do Hospital Municipal Dr. Waldemar Tebaldi, de Americana, para o Hospital Unimed de Ribeir\u00e3o Preto. A informa\u00e7\u00e3o foi dada inicialmente pela CBN e confirmada pela reportagem.<\/p>\n<p>O jogador teve o protocolo de morte encef\u00e1lica interrompido nesta quarta-feira (05) e segue reagindo, mas seu quadro ainda \u00e9 grav\u00edssimo. Pedro for\u00e7ou a interrup\u00e7\u00e3o do protocolo ao tossir ap\u00f3s a retirada da seda\u00e7\u00e3o. Apesar de estar em estado grave, o jovem surpreendeu positivamente os m\u00e9dicos pelos est\u00edmulos recentes.<\/p>\n<p>Uma transfer\u00eancia para o Hospital Albert Einstein, em S\u00e3o Paulo, foi cogitada no in\u00edcio, mas n\u00e3o havia sido poss\u00edvel devido \u00e0 situa\u00e7\u00e3o delicada do atleta. Como Pedro ficou est\u00e1vel, a transfer\u00eancia para outra unidade hospitalar foi poss\u00edvel.<\/p>\n<p>&#8220;O Hospital Municipal Dr. Waldemar Tebaldi informa que, nesta quinta-feira (6), por volta das 8h, o jovem, de 19 anos, v\u00edtima de acidente na Rodovia Anhanguera, foi transferido para a Unimed de Ribeir\u00e3o Preto, para continuidade de tratamento. O paciente segue em estado grav\u00edssimo, mas est\u00e1vel&#8221;, informa o boletim do hospital.<\/p>\n<p>O ACIDENTE<\/p>\n<p>Pedro Severino, atacante do sub-20 do Bragantino, teve um grave traumatismo craniano ap\u00f3s acidente na rodovia Anhanguera, na altura da cidade de Americana. O carro colidiu contra a traseira de um caminh\u00e3o. Pedro estava no banco do passageiro.<\/p>\n<p>O motorista particular admitiu que dormiu ao volante. Ele passou por teste de baf\u00f4metro, que n\u00e3o detectou consumo de \u00e1lcool.<\/p>\n<p>Os pais de Pedro Severino, Lucas e L\u00facia, estavam em Porto Seguro durante o carnaval e retornaram a S\u00e3o Paulo imediatamente quando informados do acidente. O tio V\u00e1lter J\u00fanior, o Torrinha, e o empres\u00e1rio Andr\u00e9 Castilho foram os primeiros a chegar em Americana.<\/p>\n<p>O jovem jogador est\u00e1 emprestado pelo Botafogo-SP e foi anunciado na semana passada. Ele \u00e9 filho de Lucas Severino, atacante que jogou em Athletico, Cruzeiro e Corinthians no in\u00edcio do s\u00e9culo.<\/p>\n<p>Pedro Castro, outro atleta do Bragantino, estava no banco de tr\u00e1s e sofreu uma fratura na v\u00e9rtebra cervical. Ele n\u00e3o corre risco e est\u00e1 sendo monitorado pelo Hospital 9 de Julho, em S\u00e3o Paulo. Pedro Castro tem 18 anos e tamb\u00e9m atua no sub-20.<\/p>\n<p>Os atletas do sub-20 do Bragantino iam para o centro de treinamento do clube, em Atibaia, quando sofreram o acidente. Seria o primeiro treinamento de Pedro Severino pelo novo clube.<\/p>\n<p>O QUE DIZ O RED BULL BRAGANTINO<\/p>\n<p>&#8220;O atleta Pedro Severino segue internado em estado grave na UTI do Hospital Municipal Dr. Waldemar Tebaldi, em Americana. Ele vem sendo acompanhado pelo Doutor Ricardo Ansai, refer\u00eancia do clube em neurocirurgia, e ser\u00e1 providenciada a remo\u00e7\u00e3o para outro hospital assim que o seu quadro for est\u00e1vel.<\/p>\n<p>O atleta Pedro Castro foi transferido para o Hospital 9 de julho, em S\u00e3o Paulo, e est\u00e1 em monitoramento. Ele sofreu fratura na v\u00e9rtebra cervical e escoria\u00e7\u00f5es, mas encontra-se bem e fora de risco.<\/p>\n<p>O Red Bull Bragantino acompanha de perto a evolu\u00e7\u00e3o dos casos e segue prestando toda a assist\u00eancia aos jogadores e \u00e0s fam\u00edlias.&#8221;<\/p>\n<p>Leia Tamb\u00e9m: <a href=\"https:\/\/www.noticiasaominuto.com.br\/esporte\/2265168\/com-neymar-dorival-monta-quebra-cabeca-para-encarar-pedreiras-da-selecao\" target=\"_blank\" rel=\"noopener\">Com Neymar, Dorival monta quebra-cabe\u00e7a para encarar pedreiras da sele\u00e7\u00e3o<\/a><\/p>\n<p>Fonte: noticiasaominuto.com.br<\/p>\n","protected":false},"excerpt":{"rendered":"<p>(UOL\/FOLHAPRESS) &#8211; Pedro Severino, jogador do Red Bull Bragantino de 19 anos que sofreu grave<\/p>\n","protected":false},"author":0,"featured_media":47801,"comment_status":"open","ping_status":"open","sticky":false,"template":"","format":"standard","meta":{"footnotes":""},"categories":[4],"tags":[],"aioseo_notices":[],"_links":{"self":[{"href":"https:\/\/portalnewsgta.com.br\/index.php\/wp-json\/wp\/v2\/posts\/47800"}],"collection":[{"href":"https:\/\/portalnewsgta.com.br\/index.php\/wp-json\/wp\/v2\/posts"}],"about":[{"href":"https:\/\/portalnewsgta.com.br\/index.php\/wp-json\/wp\/v2\/types\/post"}],"replies":[{"embeddable":true,"href":"https:\/\/portalnewsgta.com.br\/index.php\/wp-json\/wp\/v2\/comments?post=47800"}],"version-history":[{"count":0,"href":"https:\/\/portalnewsgta.com.br\/index.php\/wp-json\/wp\/v2\/posts\/47800\/revisions"}],"wp:featuredmedia":[{"embeddable":true,"href":"https:\/\/portalnewsgta.com.br\/index.php\/wp-json\/wp\/v2\/media\/47801"}],"wp:attachment":[{"href":"https:\/\/portalnewsgta.com.br\/index.php\/wp-json\/wp\/v2\/media?parent=47800"}],"wp:term":[{"taxonomy":"category","embeddable":true,"href":"https:\/\/portalnewsgta.com.br\/index.php\/wp-json\/wp\/v2\/categories?post=47800"},{"taxonomy":"post_tag","embeddable":true,"href":"https:\/\/portalnewsgta.com.br\/index.php\/wp-json\/wp\/v2\/tags?post=47800"}],"curies":[{"name":"wp","href":"https:\/\/api.w.org\/{rel}","templated":true}]}}