{"id":47769,"date":"2025-03-06T09:47:02","date_gmt":"2025-03-06T12:47:02","guid":{"rendered":"https:\/\/portalnewsgta.com.br\/?p=47769"},"modified":"2025-03-06T09:47:02","modified_gmt":"2025-03-06T12:47:02","slug":"por-unanimidade-stf-derruba-lei-de-mt-contra-invasores-de-terra","status":"publish","type":"post","link":"https:\/\/portalnewsgta.com.br\/index.php\/2025\/03\/06\/por-unanimidade-stf-derruba-lei-de-mt-contra-invasores-de-terra\/","title":{"rendered":"Por unanimidade, STF derruba lei de MT contra invasores de terra"},"content":{"rendered":"<section class=\"FullLine\">\n<div class=\"conteudo\">\n<h3>Relator, ministro Fl\u00e1vio Dino apontou que lei estadual feriu um trecho da Constitui\u00e7\u00e3o Federal<\/h3>\n<\/div>\n<\/section>\n<section>\n<div class=\"FullLine\">\n<div class=\"conteudo_foto\">\n<div class=\"imgcontent\">\n<p class=\"credito_foto\">STF<\/p>\n<p><a href=\"https:\/\/www.midianews.com.br\/\/storage\/webdisco\/2024\/04\/02\/886x590\/388afb032bb341c1b749147130f9da74.jpg\" rel=\"lightbox\" data-title=\"O ministro Fl\u00e1vio Dino, que foi relator do a\u00e7\u00e3o de inconstitucionalidade\"><img loading=\"lazy\" decoding=\"async\" id=\"img_conteudo\" class=\"img-responsive\" src=\"https:\/\/www.midianews.com.br\/\/storage\/webdisco\/2024\/04\/02\/438x291\/388afb032bb341c1b749147130f9da74.jpg\" alt=\"O ministro Fl\u00e1vio Dino, que foi relator do a\u00e7\u00e3o de inconstitucionalidade\" width=\"438\" height=\"292\" border=\"0\" \/><\/a><\/p>\n<p class=\"descricao_foto\">O ministro Fl\u00e1vio Dino, que foi relator do a\u00e7\u00e3o de inconstitucionalidade<\/p>\n<\/div>\n<\/div>\n<div class=\"Font14Bold\">C\u00cdNTIA BORGES<br \/>\nDA REDA\u00c7\u00c3O<\/div>\n<div id=\"texto\" class=\"texto\">\n<p>O Supremo Tribunal Federal (STF) declarou, por unanimidade, a inconstitucionalidade da lei estadual de Mato Grosso que previa puni\u00e7\u00f5es a invasores de terra.<\/p>\n<p>&nbsp;<\/p>\n<div class=\"quote-wrapper right\">\n<div class=\"quote-img-wrapper right\"><img decoding=\"async\" class=\"quote-img right\" src=\"https:\/\/www.midianews.com.br\/images\/aspas_right.gif\" \/><\/div>\n<h2 class=\"quote-content\">Compreendo que a incid\u00eancia de uma esp\u00e9cie de \u2018Direito Penal Estadual\u2019 abala as regras estruturantes da nossa Federa\u00e7\u00e3o<\/h2>\n<\/div>\n<p>O julgamento, realizado por meio de sess\u00e3o virtual, terminou no \u00faltimo dia 28, tendo como relator o ministro Fl\u00e1vio Dino. Para o magistrado, a legisla\u00e7\u00e3o estadual usurpa a compet\u00eancia privativa da Uni\u00e3o.<\/p>\n<p>&nbsp;<\/p>\n<p>Segundo Dino, a lei estadual feriu trecho da Constitui\u00e7\u00e3o Federal ao ditar regras sobre mat\u00e9rias reservadas ao Direito Penal e \u00e0s normas gerais de licita\u00e7\u00e3o e contrata\u00e7\u00e3o p\u00fablica.<\/p>\n<p>&nbsp;<\/p>\n<p>\u201cJulgo procedente o pedido para, reconhecida a usurpa\u00e7\u00e3o da compet\u00eancia privativa da Uni\u00e3o, declarar a inconstitucionalidade formal da Lei do Estado de Mato Grosso n\u00ba 12.430\/2024\u201d, votou o relator.<\/p>\n<div id=\"taboola-mid-article-thumbnails\" class=\"trc_related_container tbl-trecs-container trc_spotlight_widget trc_elastic trc_elastic_alternating-thumbnails-a-mid-article\" data-placement-name=\"Mid Article Thumbnails\">\n<div class=\"trc_rbox_container\">\n<div>\n<div id=\"trc_wrapper_3902262979\" class=\"trc_rbox alternating-thumbnails-a-mid-article trc-content-hybrid\">\n<div id=\"trc_header_3902262979\" class=\"trc_rbox_header trc_rbox_border_elm\">\n<div class=\"trc_header_ext\"><\/div>\n<\/div>\n<\/div>\n<\/div>\n<\/div>\n<\/div>\n<p>&nbsp;<\/p>\n<p>A lei foi sancionada no in\u00edcio do ano passado pelo Governo e previa san\u00e7\u00f5es administrativas contra pessoas condenadas por ocupa\u00e7\u00f5es irregulares de terras p\u00fablicas e privadas.<\/p>\n<p>&nbsp;<\/p>\n<p>Se condenados, invasores de terras eram proibidos de receber aux\u00edlios e benef\u00edcios de programas sociais do Governo do Estado; tomar posse em cargo p\u00fablico de confian\u00e7a ou contratem com o poder p\u00fablico estadual.<\/p>\n<p>&nbsp;<\/p>\n<p>No entanto, para o STF, ao impor novas penalidades al\u00e9m das j\u00e1 previstas pela legisla\u00e7\u00e3o federal, a lei violou o equil\u00edbrio do pacto federativo.<\/p>\n<p>&nbsp;<\/p>\n<p>\u201c[&#8230;] Compreendo que a incid\u00eancia de uma esp\u00e9cie de \u2018Direito Penal Estadual\u2019 abala as regras estruturantes da nossa Federa\u00e7\u00e3o e cria grave inseguran\u00e7a jur\u00eddica, inclusive em virtude do risco de multiplica\u00e7\u00e3o de normas similares\u201d, afirmou.<\/p>\n<\/div>\n<\/div>\n<\/section>\n","protected":false},"excerpt":{"rendered":"<p>Relator, ministro Fl\u00e1vio Dino apontou que lei estadual feriu um trecho da Constitui\u00e7\u00e3o Federal STF<\/p>\n","protected":false},"author":2,"featured_media":47770,"comment_status":"open","ping_status":"open","sticky":false,"template":"","format":"standard","meta":{"footnotes":""},"categories":[13,2],"tags":[841],"aioseo_notices":[],"_links":{"self":[{"href":"https:\/\/portalnewsgta.com.br\/index.php\/wp-json\/wp\/v2\/posts\/47769"}],"collection":[{"href":"https:\/\/portalnewsgta.com.br\/index.php\/wp-json\/wp\/v2\/posts"}],"about":[{"href":"https:\/\/portalnewsgta.com.br\/index.php\/wp-json\/wp\/v2\/types\/post"}],"author":[{"embeddable":true,"href":"https:\/\/portalnewsgta.com.br\/index.php\/wp-json\/wp\/v2\/users\/2"}],"replies":[{"embeddable":true,"href":"https:\/\/portalnewsgta.com.br\/index.php\/wp-json\/wp\/v2\/comments?post=47769"}],"version-history":[{"count":1,"href":"https:\/\/portalnewsgta.com.br\/index.php\/wp-json\/wp\/v2\/posts\/47769\/revisions"}],"predecessor-version":[{"id":47771,"href":"https:\/\/portalnewsgta.com.br\/index.php\/wp-json\/wp\/v2\/posts\/47769\/revisions\/47771"}],"wp:featuredmedia":[{"embeddable":true,"href":"https:\/\/portalnewsgta.com.br\/index.php\/wp-json\/wp\/v2\/media\/47770"}],"wp:attachment":[{"href":"https:\/\/portalnewsgta.com.br\/index.php\/wp-json\/wp\/v2\/media?parent=47769"}],"wp:term":[{"taxonomy":"category","embeddable":true,"href":"https:\/\/portalnewsgta.com.br\/index.php\/wp-json\/wp\/v2\/categories?post=47769"},{"taxonomy":"post_tag","embeddable":true,"href":"https:\/\/portalnewsgta.com.br\/index.php\/wp-json\/wp\/v2\/tags?post=47769"}],"curies":[{"name":"wp","href":"https:\/\/api.w.org\/{rel}","templated":true}]}}