{"id":47766,"date":"2025-03-06T09:45:33","date_gmt":"2025-03-06T12:45:33","guid":{"rendered":"https:\/\/portalnewsgta.com.br\/?p=47766"},"modified":"2025-03-06T09:45:33","modified_gmt":"2025-03-06T12:45:33","slug":"caiado-diz-que-formara-chapa-com-gusttavo-lima-em-2026","status":"publish","type":"post","link":"https:\/\/portalnewsgta.com.br\/index.php\/2025\/03\/06\/caiado-diz-que-formara-chapa-com-gusttavo-lima-em-2026\/","title":{"rendered":"Caiado diz que formar\u00e1 chapa com Gusttavo Lima em 2026"},"content":{"rendered":"<section class=\"FullLine\">\n<div class=\"conteudo\">\n<h3>Sertanejo tem se aproximado do governador de Goi\u00e1s e do ex-coach Pablo Mar\u00e7al (PRTB)<\/h3>\n<\/div>\n<\/section>\n<section>\n<div class=\"FullLine\">\n<div class=\"conteudo_foto\">\n<div class=\"imgcontent\">\n<p class=\"credito_foto\">Reprodu\u00e7\u00e3o<\/p>\n<p><a href=\"https:\/\/www.midianews.com.br\/\/storage\/webdisco\/2024\/09\/24\/886x590\/6f49ae5f81cce39cd65b4a6ae61ec9d1.jpg\" rel=\"lightbox\" data-title=\"Ronaldo Caiado e Gusttavo Lima em f\u00e9rias na Gr\u00e9cia em 2024\"><img loading=\"lazy\" decoding=\"async\" id=\"img_conteudo\" class=\"img-responsive\" src=\"https:\/\/www.midianews.com.br\/\/storage\/webdisco\/2024\/09\/24\/438x291\/6f49ae5f81cce39cd65b4a6ae61ec9d1.jpg\" alt=\"Ronaldo Caiado e Gusttavo Lima em f\u00e9rias na Gr\u00e9cia em 2024\" width=\"438\" height=\"292\" border=\"0\" \/><\/a><\/p>\n<p class=\"descricao_foto\">Ronaldo Caiado e Gusttavo Lima em f\u00e9rias na Gr\u00e9cia em 2024<\/p>\n<\/div>\n<\/div>\n<div class=\"Font14Bold\">VICTORIA BECHARA<br \/>\nDA FOLHAPRESS<\/div>\n<div id=\"texto\" class=\"texto\">\n<p>O governador de Goi\u00e1s, Ronaldo Caiado (Uni\u00e3o Brasil), afirmou nesta quarta-feira (5) que vai compor chapa com o cantor Gusttavo Lima (sem partido) nas pr\u00f3ximas elei\u00e7\u00f5es \u00e0 Presid\u00eancia da Rep\u00fablica, em 2026.<\/p>\n<p>&nbsp;<\/p>\n<p>Caiado diz que iniciar\u00e1 pr\u00e9-campanha com viagens nos pr\u00f3ximos meses. A informa\u00e7\u00e3o foi publicada pelo jornal &#8220;O Globo&#8221; e confirmada pelo UOL. O governador afirmou ainda que o lan\u00e7amento da pr\u00e9-candidatura dos dois ser\u00e1 em Salvador, no dia 4 de abril.<\/p>\n<p>&nbsp;<\/p>\n<p>Contudo, n\u00e3o se sabe ainda quem ser\u00e1 candidato a presidente e vice. Segundo o governador, os dois estar\u00e3o na mesma chapa, mas a decis\u00e3o sobre quem ser\u00e1 o candidato a presidente s\u00f3 ser\u00e1 tomada em 2026.<\/p>\n<p>&nbsp;<\/p>\n<p>&#8220;O importante \u00e9 que vamos estar juntos&#8221;, disse ao UOL. &#8220;A decis\u00e3o ser\u00e1 em 2026. At\u00e9 l\u00e1 vamos trabalhar.&#8221;<\/p>\n<div id=\"taboola-mid-article-thumbnails\" class=\"trc_related_container tbl-trecs-container trc_spotlight_widget trc_elastic trc_elastic_alternating-thumbnails-a-mid-article\" data-placement-name=\"Mid Article Thumbnails\">\n<div class=\"trc_rbox_container\">\n<div>\n<div id=\"trc_wrapper_6494051884\" class=\"trc_rbox alternating-thumbnails-a-mid-article trc-content-hybrid\">\n<div id=\"trc_header_6494051884\" class=\"trc_rbox_header trc_rbox_border_elm\">\n<div class=\"trc_header_ext\"><\/div>\n<\/div>\n<\/div>\n<\/div>\n<\/div>\n<\/div>\n<p>&nbsp;<\/p>\n<p>Caiado foi o primeiro nome da direita a colocar candidatura na mesa. Ele anunciou sua disposi\u00e7\u00e3o para concorrer em 2026 j\u00e1 no ano passado.<\/p>\n<p>&nbsp;<\/p>\n<p>O cantor sertanejo Gusttavo Lima revelou o desejo de ser candidato em janeiro deste ano. Desde ent\u00e3o, tem se aproximado do governador de Goi\u00e1s e do ex-coach Pablo Mar\u00e7al (PRTB), que foi candidato a prefeito de S\u00e3o Paulo em 2024.<\/p>\n<p>&nbsp;<\/p>\n<p>Gusttavo Lima ainda n\u00e3o tem partido. Al\u00e9m do Uni\u00e3o Brasil, partido de Caiado, o artista j\u00e1 recebeu convite do PP, mas a sigla n\u00e3o garantiu a vaga para que ele dispute \u00e0 Presid\u00eancia.<\/p>\n<p>&nbsp;<\/p>\n<p>O cantor enfrenta investiga\u00e7\u00f5es, foi indiciado no ano passado por lavagem de dinheiro e organiza\u00e7\u00e3o criminosa e chegou a ter a pris\u00e3o decretada.<\/p>\n<p>Jair Bolsonaro j\u00e1 disse que o PL aceita conversar com o cantor, mas tamb\u00e9m vetou sua candidatura ao Planalto. &#8220;O PL tem candidato para presidente em 2026. O candidato sou eu!&#8221;, reiterou o ex-presidente, que est\u00e1 ineleg\u00edvel.<\/p>\n<\/div>\n<\/div>\n<\/section>\n","protected":false},"excerpt":{"rendered":"<p>Sertanejo tem se aproximado do governador de Goi\u00e1s e do ex-coach Pablo Mar\u00e7al (PRTB) Reprodu\u00e7\u00e3o<\/p>\n","protected":false},"author":2,"featured_media":47767,"comment_status":"open","ping_status":"open","sticky":false,"template":"","format":"standard","meta":{"footnotes":""},"categories":[13,2],"tags":[840],"aioseo_notices":[],"_links":{"self":[{"href":"https:\/\/portalnewsgta.com.br\/index.php\/wp-json\/wp\/v2\/posts\/47766"}],"collection":[{"href":"https:\/\/portalnewsgta.com.br\/index.php\/wp-json\/wp\/v2\/posts"}],"about":[{"href":"https:\/\/portalnewsgta.com.br\/index.php\/wp-json\/wp\/v2\/types\/post"}],"author":[{"embeddable":true,"href":"https:\/\/portalnewsgta.com.br\/index.php\/wp-json\/wp\/v2\/users\/2"}],"replies":[{"embeddable":true,"href":"https:\/\/portalnewsgta.com.br\/index.php\/wp-json\/wp\/v2\/comments?post=47766"}],"version-history":[{"count":1,"href":"https:\/\/portalnewsgta.com.br\/index.php\/wp-json\/wp\/v2\/posts\/47766\/revisions"}],"predecessor-version":[{"id":47768,"href":"https:\/\/portalnewsgta.com.br\/index.php\/wp-json\/wp\/v2\/posts\/47766\/revisions\/47768"}],"wp:featuredmedia":[{"embeddable":true,"href":"https:\/\/portalnewsgta.com.br\/index.php\/wp-json\/wp\/v2\/media\/47767"}],"wp:attachment":[{"href":"https:\/\/portalnewsgta.com.br\/index.php\/wp-json\/wp\/v2\/media?parent=47766"}],"wp:term":[{"taxonomy":"category","embeddable":true,"href":"https:\/\/portalnewsgta.com.br\/index.php\/wp-json\/wp\/v2\/categories?post=47766"},{"taxonomy":"post_tag","embeddable":true,"href":"https:\/\/portalnewsgta.com.br\/index.php\/wp-json\/wp\/v2\/tags?post=47766"}],"curies":[{"name":"wp","href":"https:\/\/api.w.org\/{rel}","templated":true}]}}