{"id":47697,"date":"2025-03-05T21:42:46","date_gmt":"2025-03-06T00:42:46","guid":{"rendered":"https:\/\/portalnewsgta.com.br\/index.php\/2025\/03\/05\/sou-gostosa-para-caralho-diz-ivete-sangalo\/"},"modified":"2025-03-05T21:42:46","modified_gmt":"2025-03-06T00:42:46","slug":"sou-gostosa-para-caralho-diz-ivete-sangalo","status":"publish","type":"post","link":"https:\/\/portalnewsgta.com.br\/index.php\/2025\/03\/05\/sou-gostosa-para-caralho-diz-ivete-sangalo\/","title":{"rendered":"&#8216;Sou gostosa para caralho&#8217;, diz Ivete Sangalo"},"content":{"rendered":"<p>(FOLHAPRESS) &#8211; A chuva ca\u00eda forte em Ondina, no fim do circuito Dod\u00f4, quando a Timbalada cantava &#8220;Toda menina baiana&#8221;, de Gilberto Gil.<\/p>\n<div class=\"dummyPub\">\u00a0<\/div>\n<p>Do lado de fora, os foli\u00f5es curtiam o trio no estilo chuva, suor e cerveja, t\u00edtulo de uma m\u00fasica carnavalesca de Caetano Veloso. Mas dentro do enorme Camarote Salvador, que mais se parece com um complexo de entretenimento, uma fanfarra circulava pelo lugar at\u00e9 a grande atra\u00e7\u00e3o da noite chegar.<\/p>\n<p>J\u00e1 passava da 1h da madrugada da quarta-feira de cinzas quando a incans\u00e1vel Ivete Sangalo chegou parecendo que ainda estava fazendo seu primeiro show no Carnaval.<\/p>\n<p>&#8220;25 anos do Camarote Salvador, tinha que ser eu&#8221;, disse a cantora que, sem transmiss\u00e3o ao vivo do show, parecia ainda mais solta do que em cima do trio.<\/p>\n<p>&#8220;Estou disposta a fazer o melhor show que esse camarote j\u00e1 viu&#8221;, disse Ivete no enorme palco do Camarote Salvador, com direito a tr\u00eas tel\u00f5es, tudo montado em frente \u00e0 praia de Ondina.<\/p>\n<p>&#8220;Eu n\u00e3o t\u00f4 me achando, eu sou gostosa para caralho, disse Ivete antes do hit &#8220;Energia de Gostosa&#8221;.<\/p>\n<p>Mostrando inabal\u00e1vel entusiasmo, a cantora j\u00e1 fazia planos para o pr\u00f3ximo Carnaval e disse que estar\u00e1 no Coruja em 2026.<\/p>\n<p>&#8220;Que coisa maravilhosa fechar o Carnaval com voc\u00eas&#8221;, disse. Na presen\u00e7a da fam\u00edlia, que a acompanhou ao show, Ivete lembrou que, dos 40 anos da Ax\u00e9 Music, ela participa h\u00e1 31 anos.<\/p>\n<p>Tamb\u00e9m fez quest\u00e3o de lembrar e explicar para o p\u00fablico a batida de Neguinho do Samba (1955-2009), o inventor do Samba-Reggae.<\/p>\n<p>Ivete tamb\u00e9m levantou o p\u00fablico com o obrigat\u00f3rio cl\u00e1ssico &#8220;Fara\u00f3&#8221;, que tem sempre ades\u00e3o imediata do p\u00fablico, pedindo depois empatia e cuidado com o outro. &#8220;A gente n\u00e3o vive s\u00f3, a gente precisa respeitar a diversidade&#8221;, disse a cantora.<\/p>\n<p>&#8220;Coisa boa cantar para voc\u00eas, coisa boa compor para voc\u00eas&#8221;. Ivete tamb\u00e9m lembrou que, nos tempos em que foi vocalista da Banda Eva, aprendeu a cantar at\u00e9 o \u00faltimo f\u00e3 ir embora, emendando o sucesso &#8220;Minha Pequena Eva&#8221;.<\/p>\n<p>&#8220;Vamos comemorar, hoje \u00e9 o \u00faltimo dia&#8221;. A madrugada avan\u00e7ava, alguns f\u00e3s, cansados, come\u00e7avam a ir embora, mas Ivete continuava. &#8220;Eu t\u00f4 para jogo, c\u00eas t\u00e3o para jogo?&#8221;, dizia.<\/p>\n<p>Inimiga do fim, Ivete Sangalo s\u00f3 encerrou o show, e o seu Carnaval de 2025, por volta de 3h da manh\u00e3 da quarta-feira de cinzas, com mais energia do que os f\u00e3s.<\/p>\n<p>Leia Tamb\u00e9m: <a href=\"https:\/\/www.noticiasaominuto.com.br\/fama\/2264918\/anitta-curte-noite-de-carnaval-no-rio-e-e-flagrada-em-clima-de-romance\" target=\"_blank\" rel=\"noopener\">Anitta curte noite de Carnaval no Rio e \u00e9 flagrada em clima de romance<\/a><\/p>\n<p>Fonte: noticiasaominuto.com.br<\/p>\n","protected":false},"excerpt":{"rendered":"<p>(FOLHAPRESS) &#8211; A chuva ca\u00eda forte em Ondina, no fim do circuito Dod\u00f4, quando a<\/p>\n","protected":false},"author":0,"featured_media":47698,"comment_status":"open","ping_status":"open","sticky":false,"template":"","format":"standard","meta":{"footnotes":""},"categories":[6],"tags":[],"aioseo_notices":[],"_links":{"self":[{"href":"https:\/\/portalnewsgta.com.br\/index.php\/wp-json\/wp\/v2\/posts\/47697"}],"collection":[{"href":"https:\/\/portalnewsgta.com.br\/index.php\/wp-json\/wp\/v2\/posts"}],"about":[{"href":"https:\/\/portalnewsgta.com.br\/index.php\/wp-json\/wp\/v2\/types\/post"}],"replies":[{"embeddable":true,"href":"https:\/\/portalnewsgta.com.br\/index.php\/wp-json\/wp\/v2\/comments?post=47697"}],"version-history":[{"count":0,"href":"https:\/\/portalnewsgta.com.br\/index.php\/wp-json\/wp\/v2\/posts\/47697\/revisions"}],"wp:featuredmedia":[{"embeddable":true,"href":"https:\/\/portalnewsgta.com.br\/index.php\/wp-json\/wp\/v2\/media\/47698"}],"wp:attachment":[{"href":"https:\/\/portalnewsgta.com.br\/index.php\/wp-json\/wp\/v2\/media?parent=47697"}],"wp:term":[{"taxonomy":"category","embeddable":true,"href":"https:\/\/portalnewsgta.com.br\/index.php\/wp-json\/wp\/v2\/categories?post=47697"},{"taxonomy":"post_tag","embeddable":true,"href":"https:\/\/portalnewsgta.com.br\/index.php\/wp-json\/wp\/v2\/tags?post=47697"}],"curies":[{"name":"wp","href":"https:\/\/api.w.org\/{rel}","templated":true}]}}