{"id":47562,"date":"2025-03-04T14:42:40","date_gmt":"2025-03-04T17:42:40","guid":{"rendered":"https:\/\/portalnewsgta.com.br\/index.php\/2025\/03\/04\/gloria-pires-comenta-sobre-possibilidade-de-remake-de-vale-tudo\/"},"modified":"2025-03-04T14:42:40","modified_gmt":"2025-03-04T17:42:40","slug":"gloria-pires-comenta-sobre-possibilidade-de-remake-de-vale-tudo","status":"publish","type":"post","link":"https:\/\/portalnewsgta.com.br\/index.php\/2025\/03\/04\/gloria-pires-comenta-sobre-possibilidade-de-remake-de-vale-tudo\/","title":{"rendered":"Gloria Pires comenta sobre possibilidade de remake de &#8216;Vale Tudo&#8217;"},"content":{"rendered":"<p>RIO DE JANEIRO, RJ (UOL\/FOLHAPRESS) &#8211; Maria de F\u00e1tima na primeira vers\u00e3o de &#8220;Vale Tudo&#8221;, Gloria Pires n\u00e3o est\u00e1 empolgada para assistir ao remake: &#8220;Tenho nenhuma expectativa&#8221;, afirma.<\/p>\n<div class=\"dummyPub\">\u00a0<\/div>\n<p>\u00c9 dif\u00edcil dizer se vai ser bom, mas espero que sim. Gloria Pires sobre remake de &#8216;Vale Tudo&#8217;<\/p>\n<p>Atriz explica por que n\u00e3o est\u00e1 ansiosa para assistir \u00e0 novela. &#8220;Sinceramente, quase n\u00e3o tenho assistido novela, estou trabalhando bastante&#8221;, comentou em entrevista ao UOL no Nosso Camarote na segunda noite de desfiles do grupo especial na Marqu\u00eas de Sapuca\u00ed.<\/p>\n<p>Questionada se o p\u00fablico a ver\u00e1 em breve na TV, ela se limitou a dizer: &#8220;No cinema&#8221;.<\/p>\n<p>Atriz marcou presen\u00e7a no Nosso Camarote em fam\u00edlia. Ela estava com o marido, Orlando Morais, e as filhas Antonia Morais e Ana Morais. Cleo Pires chegou depois e se juntou \u00e0 fam\u00edlia.<\/p>\n<p>Leia Tamb\u00e9m: <a href=\"https:\/\/www.noticiasaominuto.com.br\/fama\/2264642\/flavia-alessandra-diz-que-nao-liga-para-os-fiscais-de-samba\" target=\"_blank\" rel=\"noopener\">Fl\u00e1via Alessandra diz que n\u00e3o liga para os fiscais de samba<\/a><\/p>\n<p>Fonte: noticiasaominuto.com.br<\/p>\n","protected":false},"excerpt":{"rendered":"<p>RIO DE JANEIRO, RJ (UOL\/FOLHAPRESS) &#8211; Maria de F\u00e1tima na primeira vers\u00e3o de &#8220;Vale Tudo&#8221;,<\/p>\n","protected":false},"author":0,"featured_media":47563,"comment_status":"open","ping_status":"open","sticky":false,"template":"","format":"standard","meta":{"footnotes":""},"categories":[6],"tags":[],"aioseo_notices":[],"_links":{"self":[{"href":"https:\/\/portalnewsgta.com.br\/index.php\/wp-json\/wp\/v2\/posts\/47562"}],"collection":[{"href":"https:\/\/portalnewsgta.com.br\/index.php\/wp-json\/wp\/v2\/posts"}],"about":[{"href":"https:\/\/portalnewsgta.com.br\/index.php\/wp-json\/wp\/v2\/types\/post"}],"replies":[{"embeddable":true,"href":"https:\/\/portalnewsgta.com.br\/index.php\/wp-json\/wp\/v2\/comments?post=47562"}],"version-history":[{"count":0,"href":"https:\/\/portalnewsgta.com.br\/index.php\/wp-json\/wp\/v2\/posts\/47562\/revisions"}],"wp:featuredmedia":[{"embeddable":true,"href":"https:\/\/portalnewsgta.com.br\/index.php\/wp-json\/wp\/v2\/media\/47563"}],"wp:attachment":[{"href":"https:\/\/portalnewsgta.com.br\/index.php\/wp-json\/wp\/v2\/media?parent=47562"}],"wp:term":[{"taxonomy":"category","embeddable":true,"href":"https:\/\/portalnewsgta.com.br\/index.php\/wp-json\/wp\/v2\/categories?post=47562"},{"taxonomy":"post_tag","embeddable":true,"href":"https:\/\/portalnewsgta.com.br\/index.php\/wp-json\/wp\/v2\/tags?post=47562"}],"curies":[{"name":"wp","href":"https:\/\/api.w.org\/{rel}","templated":true}]}}