{"id":47554,"date":"2025-03-04T12:43:19","date_gmt":"2025-03-04T15:43:19","guid":{"rendered":"https:\/\/portalnewsgta.com.br\/index.php\/2025\/03\/04\/flavia-saraiva-nega-clima-de-romance-com-ator-global\/"},"modified":"2025-03-04T12:43:19","modified_gmt":"2025-03-04T15:43:19","slug":"flavia-saraiva-nega-clima-de-romance-com-ator-global","status":"publish","type":"post","link":"https:\/\/portalnewsgta.com.br\/index.php\/2025\/03\/04\/flavia-saraiva-nega-clima-de-romance-com-ator-global\/","title":{"rendered":"Flavia Saraiva nega clima de romance com ator global"},"content":{"rendered":"<p>(UOL\/FOLHAPRESS) &#8211; Fl\u00e1via Saraiva, 25, marcou presen\u00e7a na Sapuca\u00ed para curtir a segunda noite de desfiles do grupo especial do Carnaval do Rio de Janeiro. A ginasta tratou de avisar que n\u00e3o tem nenhum envolvimento com o ator Guthierry Sotero, 23.<\/p>\n<div class=\"dummyPub\">\u00a0<\/div>\n<p>Ginasta deixou claro que a rela\u00e7\u00e3o com Guthierry Sotero, que foi vista em clima de romance no \u00faltimo dia 1 de mar\u00e7o, \u00e9 de amizade. &#8220;Meu amigo. Conhe\u00e7o h\u00e1 muitos anos. S\u00e3o quatro anos de amizade.&#8221;, declarou ela, ao UOL.<\/p>\n<p>Saraiva n\u00e3o escondeu que \u00e9 apaixonada pela folia e faz de tudo para curtir a festa quando est\u00e1 livre. &#8220;Sempre que tem Carnaval e eu t\u00f4 no Brasil e n\u00e3o t\u00f4 treinando, eu venho curtir. Eu amo.&#8221;<\/p>\n<p>Jovem atleta declarou ser torcedora da Grande Rio na disputa do Carnaval carioca. &#8220;Eu amo assistir os desfiles, mas peguei um gostinho pela Grande Rio. A primeira vez que assistir foi ela e segurei ela pra eu.&#8221;<\/p>\n<p>Fl\u00e1via Saraiva n\u00e3o quer saber de se aventurar na avenida. A atleta revelou que n\u00e3o sabe sambar.\u00a0N\u00e3o sei sambar. S\u00f3 se for num carro dando close.<\/p>\n<p>Leia Tamb\u00e9m: <a href=\"https:\/\/www.noticiasaominuto.com.br\/fama\/2264642\/flavia-alessandra-diz-que-nao-liga-para-os-fiscais-de-samba\" target=\"_blank\" rel=\"noopener\">Fl\u00e1via Alessandra diz que n\u00e3o liga para os fiscais de samba<\/a><\/p>\n<p>Fonte: noticiasaominuto.com.br<\/p>\n","protected":false},"excerpt":{"rendered":"<p>(UOL\/FOLHAPRESS) &#8211; Fl\u00e1via Saraiva, 25, marcou presen\u00e7a na Sapuca\u00ed para curtir a segunda noite de<\/p>\n","protected":false},"author":0,"featured_media":47555,"comment_status":"open","ping_status":"open","sticky":false,"template":"","format":"standard","meta":{"footnotes":""},"categories":[6],"tags":[],"aioseo_notices":[],"_links":{"self":[{"href":"https:\/\/portalnewsgta.com.br\/index.php\/wp-json\/wp\/v2\/posts\/47554"}],"collection":[{"href":"https:\/\/portalnewsgta.com.br\/index.php\/wp-json\/wp\/v2\/posts"}],"about":[{"href":"https:\/\/portalnewsgta.com.br\/index.php\/wp-json\/wp\/v2\/types\/post"}],"replies":[{"embeddable":true,"href":"https:\/\/portalnewsgta.com.br\/index.php\/wp-json\/wp\/v2\/comments?post=47554"}],"version-history":[{"count":0,"href":"https:\/\/portalnewsgta.com.br\/index.php\/wp-json\/wp\/v2\/posts\/47554\/revisions"}],"wp:featuredmedia":[{"embeddable":true,"href":"https:\/\/portalnewsgta.com.br\/index.php\/wp-json\/wp\/v2\/media\/47555"}],"wp:attachment":[{"href":"https:\/\/portalnewsgta.com.br\/index.php\/wp-json\/wp\/v2\/media?parent=47554"}],"wp:term":[{"taxonomy":"category","embeddable":true,"href":"https:\/\/portalnewsgta.com.br\/index.php\/wp-json\/wp\/v2\/categories?post=47554"},{"taxonomy":"post_tag","embeddable":true,"href":"https:\/\/portalnewsgta.com.br\/index.php\/wp-json\/wp\/v2\/tags?post=47554"}],"curies":[{"name":"wp","href":"https:\/\/api.w.org\/{rel}","templated":true}]}}