{"id":47550,"date":"2025-03-04T11:43:02","date_gmt":"2025-03-04T14:43:02","guid":{"rendered":"https:\/\/portalnewsgta.com.br\/index.php\/2025\/03\/04\/joao-vicente-diz-que-com-a-idade-ficou-menos-focado-em-pegacao\/"},"modified":"2025-03-04T11:43:02","modified_gmt":"2025-03-04T14:43:02","slug":"joao-vicente-diz-que-com-a-idade-ficou-menos-focado-em-pegacao","status":"publish","type":"post","link":"https:\/\/portalnewsgta.com.br\/index.php\/2025\/03\/04\/joao-vicente-diz-que-com-a-idade-ficou-menos-focado-em-pegacao\/","title":{"rendered":"Jo\u00e3o Vicente diz que, com a idade, ficou menos focado em pega\u00e7\u00e3o"},"content":{"rendered":"<p>(UOL\/FOLHAPRESS) &#8211; Jo\u00e3o Vicente de Castro, 41, diz que o passar dos anos o deixou menos focado em paquera.<\/p>\n<div class=\"dummyPub\">\u00a0<\/div>\n<p>Ator marcou presen\u00e7a no Nosso Camarote, na Sapuca\u00ed, na segunda noite de desfiles. Questionado sobre paquera no Carnaval, ele disse: &#8220;Carnaval \u00e9 um momento onde todo mundo brinca disso. Mas vou te falar: com a idade, eu estou menos focado em paquera&#8221;.<\/p>\n<p>Jo\u00e3o Vicente est\u00e1 focado no trabalho. Ele faz parte do elenco do remake de &#8220;Vale Tudo&#8221;, e tamb\u00e9m tem grava\u00e7\u00f5es do Papo de Segunda e do Porta dos Fundos.<\/p>\n<p>Para ele, a qu\u00edmica tem que acontecer naturalmente. &#8220;O match bom \u00e9 o que meio que acontece. N\u00e3o \u00e9 tipo: a fulana deu em cima do fulano. N\u00e3o, meio que eram amigos, isso que \u00e9 bom&#8221;, refletiu.<\/p>\n<p>Na segunda noite de desfiles, sua torcida vai para a Beija-Flor de Nil\u00f3polis. &#8220;Eu gosto muito de ver as escolas, ent\u00e3o venho ver todas. Mas com aten\u00e7\u00e3o especial \u00e0 Beija-Flor&#8221;, conta o ator.<\/p>\n<p>Leia Tamb\u00e9m: <a href=\"https:\/\/www.noticiasaominuto.com.br\/brasil\/2264632\/salvador-tem-superterca-com-desfiles-gratuitos-de-saulo-ivete-e-daniela\" target=\"_blank\" rel=\"noopener\">Salvador tem &#8216;superter\u00e7a&#8217; com desfiles gratuitos de Saulo, Ivete e Daniela<\/a><\/p>\n<p>Fonte: noticiasaominuto.com.br<\/p>\n","protected":false},"excerpt":{"rendered":"<p>(UOL\/FOLHAPRESS) &#8211; Jo\u00e3o Vicente de Castro, 41, diz que o passar dos anos o deixou<\/p>\n","protected":false},"author":0,"featured_media":47551,"comment_status":"open","ping_status":"open","sticky":false,"template":"","format":"standard","meta":{"footnotes":""},"categories":[6],"tags":[],"aioseo_notices":[],"_links":{"self":[{"href":"https:\/\/portalnewsgta.com.br\/index.php\/wp-json\/wp\/v2\/posts\/47550"}],"collection":[{"href":"https:\/\/portalnewsgta.com.br\/index.php\/wp-json\/wp\/v2\/posts"}],"about":[{"href":"https:\/\/portalnewsgta.com.br\/index.php\/wp-json\/wp\/v2\/types\/post"}],"replies":[{"embeddable":true,"href":"https:\/\/portalnewsgta.com.br\/index.php\/wp-json\/wp\/v2\/comments?post=47550"}],"version-history":[{"count":0,"href":"https:\/\/portalnewsgta.com.br\/index.php\/wp-json\/wp\/v2\/posts\/47550\/revisions"}],"wp:featuredmedia":[{"embeddable":true,"href":"https:\/\/portalnewsgta.com.br\/index.php\/wp-json\/wp\/v2\/media\/47551"}],"wp:attachment":[{"href":"https:\/\/portalnewsgta.com.br\/index.php\/wp-json\/wp\/v2\/media?parent=47550"}],"wp:term":[{"taxonomy":"category","embeddable":true,"href":"https:\/\/portalnewsgta.com.br\/index.php\/wp-json\/wp\/v2\/categories?post=47550"},{"taxonomy":"post_tag","embeddable":true,"href":"https:\/\/portalnewsgta.com.br\/index.php\/wp-json\/wp\/v2\/tags?post=47550"}],"curies":[{"name":"wp","href":"https:\/\/api.w.org\/{rel}","templated":true}]}}