{"id":4737,"date":"2024-04-23T06:05:02","date_gmt":"2024-04-23T09:05:02","guid":{"rendered":"https:\/\/portalnewsgta.com.br\/index.php\/2024\/04\/22\/foragido-da-justica-de-mt-e-preso-no-estado-de-sao-paulo\/"},"modified":"2024-04-23T07:30:34","modified_gmt":"2024-04-23T10:30:34","slug":"foragido-da-justica-de-mt-e-preso-no-estado-de-sao-paulo","status":"publish","type":"post","link":"https:\/\/portalnewsgta.com.br\/index.php\/2024\/04\/23\/foragido-da-justica-de-mt-e-preso-no-estado-de-sao-paulo\/","title":{"rendered":"Foragido da Justi\u00e7a de MT \u00e9 preso no Estado de S\u00e3o Paulo"},"content":{"rendered":"<div>\n<div id=\"infocoweb\" class=\"infocoweb infocoweb_canal_42\" data-uuid=\"aa8f05a3-1601-4c82-ad2f-ffa623727c7c\">\n<div id=\"infocoweb_cabecalho\" class=\"infocoweb_cabecalho\"><\/div>\n<div id=\"infocoweb_corpo\" class=\"infocoweb_corpo\">\n<p>&nbsp;<\/p>\n<p align=\"justify\">Um foragido da Justi\u00e7a de Mato Grosso, foi preso no Estado de S\u00e3o Paulo, nesta segunda-feira (22.04), ap\u00f3s investiga\u00e7\u00e3o da Ger\u00eancia Estadual de Polinter e Capturas, para identificar o paradeiro do procurado.<\/p>\n<p>O suspeito de 45 anos estava com o mandado de pris\u00e3o preventiva expedido pela 13\u00aa Vara da Criminal da Comarca de Cuiab\u00e1, pelo crime de tr\u00e1fico de drogas.<\/p>\n<p>Durante dilig\u00eancias investigativas, os policiais civis da Polinter descobriram que o traficante estava na cidade de Guarulhos (SP).\u00a0Diante dos fatos foi solicitado apoio \u00e0 Pol\u00edcia Civil de S\u00e3o Paulo, que efetuou a pris\u00e3o em cumprimento ao mandado judicial.<\/p>\n<p>Em seguida o preso foi encaminhado para audi\u00eancia de cust\u00f3dia ficando \u00e0 disposi\u00e7\u00e3o do Poder Judici\u00e1rio.<\/p>\n<p id=\"infocoweb_fonte\" class=\"infocoweb_fonte\">Fonte: Policia Civil MT \u2013 MT<\/p>\n<style>#infocoweb_cabecalho {<br \/>\n        display: inline-block;<br \/>\n        margin-top: -75px;<br \/>\n        position: absolute;<br \/>\n        right: 0;<br \/>\n    }<br \/>\n<\/style>\n<style><\/style>\n<\/div>\n<div id=\"infocoweb_rodape\" class=\"infocoweb_rodape\"><\/div>\n<\/div>\n<p>O post Foragido da Justi\u00e7a de MT \u00e9 preso no Estado de S\u00e3o Paulo apareceu primeiro em Portal MT.<\/p>\n<\/div>\n","protected":false},"excerpt":{"rendered":"<p>&nbsp; Um foragido da Justi\u00e7a de Mato Grosso, foi preso no Estado de S\u00e3o Paulo,<\/p>\n","protected":false},"author":2,"featured_media":4738,"comment_status":"closed","ping_status":"closed","sticky":false,"template":"","format":"standard","meta":{"footnotes":""},"categories":[8],"tags":[],"aioseo_notices":[],"_links":{"self":[{"href":"https:\/\/portalnewsgta.com.br\/index.php\/wp-json\/wp\/v2\/posts\/4737"}],"collection":[{"href":"https:\/\/portalnewsgta.com.br\/index.php\/wp-json\/wp\/v2\/posts"}],"about":[{"href":"https:\/\/portalnewsgta.com.br\/index.php\/wp-json\/wp\/v2\/types\/post"}],"author":[{"embeddable":true,"href":"https:\/\/portalnewsgta.com.br\/index.php\/wp-json\/wp\/v2\/users\/2"}],"replies":[{"embeddable":true,"href":"https:\/\/portalnewsgta.com.br\/index.php\/wp-json\/wp\/v2\/comments?post=4737"}],"version-history":[{"count":1,"href":"https:\/\/portalnewsgta.com.br\/index.php\/wp-json\/wp\/v2\/posts\/4737\/revisions"}],"predecessor-version":[{"id":4817,"href":"https:\/\/portalnewsgta.com.br\/index.php\/wp-json\/wp\/v2\/posts\/4737\/revisions\/4817"}],"wp:featuredmedia":[{"embeddable":true,"href":"https:\/\/portalnewsgta.com.br\/index.php\/wp-json\/wp\/v2\/media\/4738"}],"wp:attachment":[{"href":"https:\/\/portalnewsgta.com.br\/index.php\/wp-json\/wp\/v2\/media?parent=4737"}],"wp:term":[{"taxonomy":"category","embeddable":true,"href":"https:\/\/portalnewsgta.com.br\/index.php\/wp-json\/wp\/v2\/categories?post=4737"},{"taxonomy":"post_tag","embeddable":true,"href":"https:\/\/portalnewsgta.com.br\/index.php\/wp-json\/wp\/v2\/tags?post=4737"}],"curies":[{"name":"wp","href":"https:\/\/api.w.org\/{rel}","templated":true}]}}