{"id":4709,"date":"2024-04-22T13:00:55","date_gmt":"2024-04-22T16:00:55","guid":{"rendered":"https:\/\/portalnewsgta.com.br\/index.php\/2024\/04\/22\/escola-de-governo-oferta-curso-sobre-nocoes-basicas-de-politicas-publicas\/"},"modified":"2024-04-22T13:00:55","modified_gmt":"2024-04-22T16:00:55","slug":"escola-de-governo-oferta-curso-sobre-nocoes-basicas-de-politicas-publicas","status":"publish","type":"post","link":"https:\/\/portalnewsgta.com.br\/index.php\/2024\/04\/22\/escola-de-governo-oferta-curso-sobre-nocoes-basicas-de-politicas-publicas\/","title":{"rendered":"Escola de Governo oferta curso sobre no\u00e7\u00f5es b\u00e1sicas de pol\u00edticas p\u00fablicas"},"content":{"rendered":"<div>\n<div id=\"infocoweb\" data-uuid=\"24489d29-457b-464d-bbd6-2b9797349e9d\" class=\"infocoweb infocoweb_canal_61\">\n<div id=\"infocoweb_cabecalho\" class=\"infocoweb_cabecalho\"><\/div>\n<div id=\"infocoweb_corpo\" class=\"infocoweb_corpo\"><span class=\"ifn_post_add_feature_image_to_the_top\"><\/span><\/p>\n<div dir=\"ltr\" style=\"text-align: justify\">A Secretaria de Estado de Planejamento e Gest\u00e3o (Seplag) abriu, nesta segunda-feira (22.04), inscri\u00e7\u00f5es para a capacita\u00e7\u00e3o de No\u00e7\u00f5es B\u00e1sicas de Pol\u00edticas P\u00fablicas. O curso \u00e9 voltado para servidores do Poder Executivo Estadual e as inscri\u00e7\u00f5es v\u00e3o at\u00e9 dia 12 de maio. Ao todo, s\u00e3o ofertadas 300 vagas.\u00a0<br \/> \u00a0<\/div>\n<div style=\"text-align: justify\">A capacita\u00e7\u00e3o, realizada pela Escola de Governo, vai ocorrer na modalidade EAD, de maneira ass\u00edncrona, com carga hor\u00e1ria de 45h. O curso pode ser realizado at\u00e9 o dia 16 de junho, e para receber o certificado \u00e9 necess\u00e1rio ter completado no m\u00ednimo 75% da sua carga hor\u00e1ria. Al\u00e9m disso, \u00e9 preciso atingir nota m\u00ednima de 7 nas avalia\u00e7\u00f5es de cada m\u00f3dulo.\u00a0\u00a0<br \/> \u00a0<\/div>\n<div dir=\"ltr\" style=\"text-align: justify\">O objetivo do curso \u00e9 propiciar ao aluno o conhecimento para realizar a avalia\u00e7\u00e3o de pol\u00edticas p\u00fablicas, segundo aspectos hist\u00f3ricos, sociais e institucionais, desde a sua origem at\u00e9 a implementa\u00e7\u00e3o e avalia\u00e7\u00e3o.\u00a0<br \/> \u00a0<\/div>\n<div dir=\"ltr\" style=\"text-align: justify\">A ideia \u00e9 que esses cursos impactem positivamente tanto no profissional dos servidores quanto na presta\u00e7\u00e3o de servi\u00e7os \u00e0 sociedade.\u00a0<br \/> \u00a0<\/div>\n<div dir=\"ltr\" style=\"text-align: justify\">\u00a0<\/div>\n<div dir=\"ltr\" style=\"text-align: justify\">Inscri\u00e7\u00f5es podem ser feitas aqui.<\/p>\n<p> <em>*Sob supervis\u00e3o de Dayanne Santana<\/em><\/p>\n<\/div>\n<div style=\"text-align: justify\"><span style=\"font-size:14px\"><\/span><\/div>\n<p id=\"infocoweb_fonte\" class=\"infocoweb_fonte\">Fonte: Governo MT \u2013 MT<\/p>\n<style>#infocoweb_cabecalho {\n        display: inline-block;\n        margin-top: -75px;\n        position: absolute;\n        right: 0;\n    }\n<\/style>\n<style><\/style>\n<\/div>\n<div id=\"infocoweb_rodape\" class=\"infocoweb_rodape\"><\/div>\n<\/div>\n<p>O post Escola de Governo oferta curso sobre no\u00e7\u00f5es b\u00e1sicas de pol\u00edticas p\u00fablicas apareceu primeiro em Portal MT.<\/p>\n<\/div>\n","protected":false},"excerpt":{"rendered":"<p>A Secretaria de Estado de Planejamento e Gest\u00e3o (Seplag) abriu, nesta segunda-feira (22.04), inscri\u00e7\u00f5es para<\/p>\n","protected":false},"author":2,"featured_media":4710,"comment_status":"registered_only","ping_status":"closed","sticky":false,"template":"","format":"standard","meta":{"footnotes":""},"categories":[7],"tags":[],"aioseo_notices":[],"_links":{"self":[{"href":"https:\/\/portalnewsgta.com.br\/index.php\/wp-json\/wp\/v2\/posts\/4709"}],"collection":[{"href":"https:\/\/portalnewsgta.com.br\/index.php\/wp-json\/wp\/v2\/posts"}],"about":[{"href":"https:\/\/portalnewsgta.com.br\/index.php\/wp-json\/wp\/v2\/types\/post"}],"author":[{"embeddable":true,"href":"https:\/\/portalnewsgta.com.br\/index.php\/wp-json\/wp\/v2\/users\/2"}],"replies":[{"embeddable":true,"href":"https:\/\/portalnewsgta.com.br\/index.php\/wp-json\/wp\/v2\/comments?post=4709"}],"version-history":[{"count":0,"href":"https:\/\/portalnewsgta.com.br\/index.php\/wp-json\/wp\/v2\/posts\/4709\/revisions"}],"wp:featuredmedia":[{"embeddable":true,"href":"https:\/\/portalnewsgta.com.br\/index.php\/wp-json\/wp\/v2\/media\/4710"}],"wp:attachment":[{"href":"https:\/\/portalnewsgta.com.br\/index.php\/wp-json\/wp\/v2\/media?parent=4709"}],"wp:term":[{"taxonomy":"category","embeddable":true,"href":"https:\/\/portalnewsgta.com.br\/index.php\/wp-json\/wp\/v2\/categories?post=4709"},{"taxonomy":"post_tag","embeddable":true,"href":"https:\/\/portalnewsgta.com.br\/index.php\/wp-json\/wp\/v2\/tags?post=4709"}],"curies":[{"name":"wp","href":"https:\/\/api.w.org\/{rel}","templated":true}]}}