{"id":46793,"date":"2025-02-24T06:43:32","date_gmt":"2025-02-24T09:43:32","guid":{"rendered":"https:\/\/portalnewsgta.com.br\/index.php\/2025\/02\/24\/edson-celulari-celebra-3-anos-da-filha-chiara-e-compartilha-fotos\/"},"modified":"2025-02-24T06:43:32","modified_gmt":"2025-02-24T09:43:32","slug":"edson-celulari-celebra-3-anos-da-filha-chiara-e-compartilha-fotos","status":"publish","type":"post","link":"https:\/\/portalnewsgta.com.br\/index.php\/2025\/02\/24\/edson-celulari-celebra-3-anos-da-filha-chiara-e-compartilha-fotos\/","title":{"rendered":"Edson Celulari celebra 3 anos da filha Chiara e compartilha fotos"},"content":{"rendered":"<p>O ator Edson Celulari celebrou o anivers\u00e1rio de tr\u00eas anos da filha ca\u00e7ula, Chiara, e compartilhou registros da festa com seus seguidores no Instagram.<\/p>\n<div class=\"dummyPub\">\u00a0<\/div>\n<p>Na publica\u00e7\u00e3o, Celulari mostrou alguns momentos da comemora\u00e7\u00e3o e escreveu uma mensagem carinhosa para a filha.<\/p>\n<p>&#8220;E assim, a nossa pequena Chiara comemorou seus tr\u00eas anos, junto de amigos queridos e familiares amados. Foi uma tarde linda, de afeto, harmonia e brincadeiras. Que Deus te proteja e ilumine sempre. N\u00f3s te amamos muito, filha&#8221;, declarou o ator na legenda.<\/p>\n<div><a href=\"https:\/\/www.instagram.com\/p\/DGa4gk9Jv8q\/?utm_source=ig_embed&amp;utm_campaign=loading\" target=\"_blank\" rel=\"noopener\"><\/p>\n<div>\n<div>\n<div>\u00a0<\/div>\n<div>\u00a0<\/div>\n<\/div>\n<\/div>\n<div>\u00a0<\/div>\n<div>\u00a0<\/div>\n<div>\n<div>Ver esta publica\u00e7\u00e3o no Instagram<\/div>\n<\/div>\n<div>\u00a0<\/div>\n<div>\n<div>\n<div>\u00a0<\/div>\n<div>\u00a0<\/div>\n<div>\u00a0<\/div>\n<\/div>\n<div>\n<div>\u00a0<\/div>\n<div>\u00a0<\/div>\n<\/div>\n<div>\n<div>\u00a0<\/div>\n<div>\u00a0<\/div>\n<div>\u00a0<\/div>\n<\/div>\n<\/div>\n<div>\n<div>\u00a0<\/div>\n<div>\u00a0<\/div>\n<\/div>\n<p><\/a><\/p>\n<p><a href=\"https:\/\/www.instagram.com\/p\/DGa4gk9Jv8q\/?utm_source=ig_embed&amp;utm_campaign=loading\" target=\"_blank\" rel=\"noopener\">Uma publica\u00e7\u00e3o partilhada por Edson Celulari (@edsoncelulari)<\/a><\/p>\n<\/div>\n<p>Chiara \u00e9 fruto do casamento de Edson Celulari com Karin Roepke. O ator tamb\u00e9m \u00e9 pai de Enzo Celulari, que esteve presente na celebra\u00e7\u00e3o, e de Sophia Raia, ambos filhos de sua uni\u00e3o anterior com Claudia Raia.<\/p>\n<p>Leia Tamb\u00e9m: <a href=\"https:\/\/www.noticiasaominuto.com.br\/fama\/2259449\/a-festa-de-aniversario-do-filho-mais-novo-de-claudia-raia-em-portugal\" target=\"_blank\" rel=\"noopener\">A festa de anivers\u00e1rio do filho mais novo de Cl\u00e1udia Raia em Portugal<\/a><\/p>\n<p>Fonte: noticiasaominuto.com.br<\/p>\n","protected":false},"excerpt":{"rendered":"<p>O ator Edson Celulari celebrou o anivers\u00e1rio de tr\u00eas anos da filha ca\u00e7ula, Chiara, e<\/p>\n","protected":false},"author":0,"featured_media":46794,"comment_status":"open","ping_status":"open","sticky":false,"template":"","format":"standard","meta":{"footnotes":""},"categories":[6],"tags":[],"aioseo_notices":[],"_links":{"self":[{"href":"https:\/\/portalnewsgta.com.br\/index.php\/wp-json\/wp\/v2\/posts\/46793"}],"collection":[{"href":"https:\/\/portalnewsgta.com.br\/index.php\/wp-json\/wp\/v2\/posts"}],"about":[{"href":"https:\/\/portalnewsgta.com.br\/index.php\/wp-json\/wp\/v2\/types\/post"}],"replies":[{"embeddable":true,"href":"https:\/\/portalnewsgta.com.br\/index.php\/wp-json\/wp\/v2\/comments?post=46793"}],"version-history":[{"count":0,"href":"https:\/\/portalnewsgta.com.br\/index.php\/wp-json\/wp\/v2\/posts\/46793\/revisions"}],"wp:featuredmedia":[{"embeddable":true,"href":"https:\/\/portalnewsgta.com.br\/index.php\/wp-json\/wp\/v2\/media\/46794"}],"wp:attachment":[{"href":"https:\/\/portalnewsgta.com.br\/index.php\/wp-json\/wp\/v2\/media?parent=46793"}],"wp:term":[{"taxonomy":"category","embeddable":true,"href":"https:\/\/portalnewsgta.com.br\/index.php\/wp-json\/wp\/v2\/categories?post=46793"},{"taxonomy":"post_tag","embeddable":true,"href":"https:\/\/portalnewsgta.com.br\/index.php\/wp-json\/wp\/v2\/tags?post=46793"}],"curies":[{"name":"wp","href":"https:\/\/api.w.org\/{rel}","templated":true}]}}