{"id":46677,"date":"2025-02-21T10:16:33","date_gmt":"2025-02-21T13:16:33","guid":{"rendered":"https:\/\/portalnewsgta.com.br\/?p=46677"},"modified":"2025-02-21T10:16:33","modified_gmt":"2025-02-21T13:16:33","slug":"saida-de-nisia-e-dada-como-certa-padilha-e-o-favorito-para-assumir-pasta-da-saude","status":"publish","type":"post","link":"https:\/\/portalnewsgta.com.br\/index.php\/2025\/02\/21\/saida-de-nisia-e-dada-como-certa-padilha-e-o-favorito-para-assumir-pasta-da-saude\/","title":{"rendered":"Sa\u00edda de N\u00edsia \u00e9 dada como certa; Padilha \u00e9 o favorito para assumir pasta da Sa\u00fade"},"content":{"rendered":"<p class=\"credito-1\">Marcelo Camargo\/Ag\u00eancia Brasil<\/p>\n<p><span class=\"img-conteudo pull-left\"><a href=\"https:\/\/www.gazetadigital.com.br\/storage\/webdisco\/2024\/10\/14\/1200x900\/518c221d51de853026b07f805b5a41e3.jpg\" data-fancybox=\"gallery\" data-caption=\"Marcelo Camargo\/Ag\u00eancia Brasil\"><img decoding=\"async\" src=\"https:\/\/www.gazetadigital.com.br\/storage\/webdisco\/2024\/10\/14\/431x285\/518c221d51de853026b07f805b5a41e3.jpg\" alt=\"Marcelo Camargo\/Ag\u00eancia Brasil\" \/><\/a><\/span><\/p>\n<p class=\"img-conteudo-desc\">\n<p><img decoding=\"async\" class=\"pull-left img-responsive\" src=\"https:\/\/www.gazetadigital.com.br\/storage\/webdisco\/2018\/09\/11\/120x80\/c10c88c6ae9ade049b00d53e2c1493c8.jpg\" alt=\"\" \/><\/p>\n<div id=\"text-content\" class=\"mb20\">\n<p>Com a sa\u00edda da ministra da Sa\u00fade, N\u00edsia Trindade, dada como certa no Pal\u00e1cio do Planalto, alas do PT j\u00e1 disputam a sua cadeira. Por tr\u00e1s da queda de bra\u00e7o est\u00e3o o controle de um or\u00e7amento de R$ 239,7 bilh\u00f5es e a marca do terceiro mandato do presidente Luiz In\u00e1cio Lula da Silva, que hoje enfrenta acentuada queda de popularidade, de acordo com pesquisas de opini\u00e3o.<\/p>\n<p>&nbsp;<\/p>\n<p>O nome mais cotado para o lugar de N\u00edsia \u00e9 o do ministro da Secretaria de Rela\u00e7\u00f5es Institucionais, Alexandre Padilha, que atualmente cuida da articula\u00e7\u00e3o pol\u00edtica entre o Planalto e o Congresso.<\/p>\n<p>Padilha j\u00e1 foi titular da Sa\u00fade no governo Dilma Rousseff, de 2011 a 2014, \u00e9 padrinho pol\u00edtico de N\u00edsia &#8211; que, embora pr\u00f3xima do PT, n\u00e3o est\u00e1 filiada ao partido &#8211; e tem v\u00e1rios aliados abrigados em secretarias da pasta.<\/p>\n<p>&nbsp;<\/p>\n<p>Na outra ponta surge o nome de Arthur Chioro, que preside a Empresa Brasileira de Servi\u00e7os Hospitalares e tamb\u00e9m j\u00e1 foi ministro da Sa\u00fade sob Dilma. O grupo do chefe da Casa Civil, Rui Costa, defende Chioro para a cadeira de N\u00edsia.<\/p>\n<p>&nbsp;<\/p>\n<p>Chioro tamb\u00e9m \u00e9 o preferido do senador Humberto Costa (PT-PE) &#8211; outro ex-titular da Sa\u00fade &#8211; e da presidente do PT, Gleisi Hoffmann, que est\u00e1 prestes a deixar o cargo para comandar a Secretaria-Geral da Presid\u00eancia no lugar de M\u00e1rcio Mac\u00eado.<\/p>\n<p>&nbsp;<\/p>\n<p>Todos s\u00e3o integrantes da mesma tend\u00eancia do PT, a Construindo um Novo Brasil (CNB), corrente de Lula que est\u00e1 rachada sobre os rumos do governo e o sucessor de Gleisi na dire\u00e7\u00e3o do partido.<\/p>\n<p>&nbsp;<\/p>\n<p>O favorito de Lula para substituir Gleisi \u00e9 o ex-prefeito de Araraquara Edinho Silva, que prega a modera\u00e7\u00e3o nas fileiras do PT para arrefecer o clima polarizado no Pa\u00eds no momento em que o ex-presidente Jair Bolsonaro (PT) foi denunciado pela Procuradoria-Geral da Rep\u00fablica (PGR) ao Supremo Tribunal Federal (STF) por tentativa de golpe.<\/p>\n<p>&nbsp;<\/p>\n<p><strong>Expectativa<\/strong><\/p>\n<p>&nbsp;<\/p>\n<p>Como mostrou o Estad\u00e3o, a expectativa no PT \u00e9 de que Lula anuncie a entrada de Gleisi em sua equipe &#8211; embora sem dizer para qual cargo &#8211; no pr\u00f3ximo s\u00e1bado, 22, durante discurso na festa dos 45 anos do partido, no Rio.<\/p>\n<p>&nbsp;<\/p>\n<p>Rui Costa e Gleisi negam que haja discuss\u00e3o sobre a vaga de N\u00edsia no governo e no PT. Na pr\u00e1tica, por\u00e9m, interlocutores de Lula avaliam que a ida de Padilha para a Sa\u00fade fortalece o ministro da Fazenda, Fernando Haddad.<\/p>\n<p>&nbsp;<\/p>\n<p>N\u00e3o sem motivo: m\u00e9dico infectologista, Padilha \u00e9 aliado de primeira hora de Haddad. Ele foi secret\u00e1rio municipal da Sa\u00fade de 2015 a 2017, quando o atual titular da Fazenda era prefeito de S\u00e3o Paulo.<\/p>\n<p>&nbsp;<\/p>\n<p><strong>Amigo<\/strong><\/p>\n<p>&nbsp;<\/p>\n<p>Edinho tamb\u00e9m \u00e9 amigo de Haddad. N\u00e3o \u00e9 segredo para ningu\u00e9m, na Pra\u00e7a dos Tr\u00eas Poderes, que o chefe da equipe econ\u00f4mica est\u00e1 em rota de colis\u00e3o com o ministro da Casa Civil.<\/p>\n<p>&nbsp;<\/p>\n<p>A Sa\u00fade, por sua vez, \u00e9 uma das principais apostas de Lula para o governo sair das cordas. Ao Estad\u00e3o, o ministro da Secretaria de Comunica\u00e7\u00e3o Social, Sid\u00f4nio Palmeira, disse que vai mudar a marca do programa \u2018Mais Acesso a Especialistas\u2018, considerada herm\u00e9tica e sem apelo popular.<\/p>\n<p>&nbsp;<\/p>\n<p>O programa \u00e9 o xod\u00f3 de Lula, mas n\u00e3o vai bem das pernas. Lan\u00e7ado em abril do ano passado, o plano tem como objetivo reduzir o tempo de espera por cirurgias, exames e tratamentos no Sistema \u00b7nico de Sa\u00fade (SUS). Apesar das cobran\u00e7as de Lula a N\u00edsia, o programa ainda n\u00e3o conseguiu chegar em v\u00e1rias regi\u00f5es do Pa\u00eds.<\/p>\n<p>&nbsp;<\/p>\n<p><strong>Prefer\u00eancia<\/strong><\/p>\n<p>&nbsp;<\/p>\n<p>O presidente disse a aliados que tem prefer\u00eancia por Padilha na Sa\u00fade, mas, para tanto, ele ter\u00e1 de ficar at\u00e9 o fim do governo e desistir de disputar a elei\u00e7\u00e3o de 2026. Hoje, dos 38 ministros, ao menos vinte demonstraram interesse em concorrer a cargos eletivos e por isso ter\u00e3o de deixar os cargos at\u00e9 o fim de mar\u00e7o do ano que vem.<\/p>\n<p>&nbsp;<\/p>\n<p>Padilha \u00e9 deputado licenciado e teve uma gest\u00e3o bem avaliada na Sa\u00fade quando tocou o programa Mais M\u00e9dicos. A portas fechadas, o ministro afirmou que aceita n\u00e3o ser candidato em 2026 para ajudar na campanha de Lula a um novo mandato, ou mesmo apoiar outro nome indicado pelo PT.<\/p>\n<p>&nbsp;<\/p>\n<p>Lula n\u00e3o gostaria de substituir N\u00edsia, mas tem observado, em conversas com interlocutores, que j\u00e1 deu a ela todas as chances. A situa\u00e7\u00e3o da ministra no governo ficou insustent\u00e1vel diante de tantos problemas na sa\u00fade, agravados pelo surto de dengue em S\u00e3o Paulo e em outros cinco Estados. H\u00e1 falta de vacinas no mercado.<\/p>\n<p>&nbsp;<\/p>\n<p><strong>Feudo<\/strong><\/p>\n<p>&nbsp;<\/p>\n<p>No passado, o Minist\u00e9rio da Sa\u00fade foi um feudo do PP, partido do ex-presidente da C\u00e2mara Arthur Lira (AL). Durante toda sua gest\u00e3o, Lira teve v\u00e1rios embates com Padilha, chamou o desafeto de \u2018incompetente\u2018 e tentou derrubar N\u00edsia, mas n\u00e3o conseguiu.<\/p>\n<p>&nbsp;<\/p>\n<p>A poss\u00edvel ida do ministro de Rela\u00e7\u00f5es Institucionais para a Sa\u00fade tamb\u00e9m mexe em outra vaga com assento no Planalto: a da articula\u00e7\u00e3o pol\u00edtica. O Centr\u00e3o reivindica o cargo, sob o argumento de que a rela\u00e7\u00e3o do governo com o Congresso n\u00e3o est\u00e1 boa e s\u00f3 um parlamentar desse grupo pol\u00edtico poderia ajudar a resolver, por exemplo, o problema das emendas parlamentares.<\/p>\n<p>&nbsp;<\/p>\n<p>At\u00e9 agora, no entanto, os nomes mais considerados por Lula para o lugar de Padilha s\u00e3o de dois petistas, ambos l\u00edderes do governo: Jos\u00e9 Guimar\u00e3es (CE), que atua na C\u00e2mara, e Jaques Wagner (BA), no Senado.<\/p>\n<p>&nbsp;<\/p>\n<p><strong>Tabata<\/strong><\/p>\n<p>&nbsp;<\/p>\n<p>A deputada Tabata Amaral (PSB-SP) \u00e9 cotada para o lugar de Luciana. O movimento abre caminho para o presidente do Ibama, Rodrigo Agostinho, assumir o mandato na C\u00e2mara. Agostinho \u00e9 suplente de Tabata e j\u00e1 recebeu cr\u00edticas de Lula, que disse ver um \u2018lenga-lenga\u2018 no Ibama para autorizar a Petrobras a fazer prospec\u00e7\u00f5es de petr\u00f3leo na Margem Equatorial do Rio Amazonas.<\/p>\n<p>&nbsp;<\/p>\n<p>A eventual sa\u00edda de Agostinho tamb\u00e9m pode levar M\u00e1rcio Mac\u00eado (PT), hoje ministro da Secretaria-Geral da Presid\u00eancia, ao comando do Ibama. Bi\u00f3logo, Mac\u00eado j\u00e1 foi superintendente do Ibama em Aracaju e secret\u00e1rio do Meio Ambiente do governo de Sergipe. Ele deixar\u00e1 a cadeira hoje ocupada com a entrada de Gleisi no Pal\u00e1cio do Planalto.<\/p>\n<p>&nbsp;<\/p>\n<p>A mudan\u00e7a no perfil da Secretaria-Geral foi planejada por Lula para fortalecer a rela\u00e7\u00e3o com os movimentos sociais, hoje bastante desgastada, como indicam as pesquisas. O presidente tamb\u00e9m quer se aproximar dos evang\u00e9licos, na tentativa de reverter a crescente queda de popularidade para chegar em condi\u00e7\u00f5es de disputar a reelei\u00e7\u00e3o, em 2026.<\/p>\n<p>As informa\u00e7\u00f5es s\u00e3o do jornal O Estado de S. Paulo.<\/p>\n<\/div>\n","protected":false},"excerpt":{"rendered":"<p>Marcelo Camargo\/Ag\u00eancia Brasil Com a sa\u00edda da ministra da Sa\u00fade, N\u00edsia Trindade, dada como certa<\/p>\n","protected":false},"author":2,"featured_media":46678,"comment_status":"open","ping_status":"open","sticky":false,"template":"","format":"standard","meta":{"footnotes":""},"categories":[13,2],"tags":[797],"aioseo_notices":[],"_links":{"self":[{"href":"https:\/\/portalnewsgta.com.br\/index.php\/wp-json\/wp\/v2\/posts\/46677"}],"collection":[{"href":"https:\/\/portalnewsgta.com.br\/index.php\/wp-json\/wp\/v2\/posts"}],"about":[{"href":"https:\/\/portalnewsgta.com.br\/index.php\/wp-json\/wp\/v2\/types\/post"}],"author":[{"embeddable":true,"href":"https:\/\/portalnewsgta.com.br\/index.php\/wp-json\/wp\/v2\/users\/2"}],"replies":[{"embeddable":true,"href":"https:\/\/portalnewsgta.com.br\/index.php\/wp-json\/wp\/v2\/comments?post=46677"}],"version-history":[{"count":1,"href":"https:\/\/portalnewsgta.com.br\/index.php\/wp-json\/wp\/v2\/posts\/46677\/revisions"}],"predecessor-version":[{"id":46679,"href":"https:\/\/portalnewsgta.com.br\/index.php\/wp-json\/wp\/v2\/posts\/46677\/revisions\/46679"}],"wp:featuredmedia":[{"embeddable":true,"href":"https:\/\/portalnewsgta.com.br\/index.php\/wp-json\/wp\/v2\/media\/46678"}],"wp:attachment":[{"href":"https:\/\/portalnewsgta.com.br\/index.php\/wp-json\/wp\/v2\/media?parent=46677"}],"wp:term":[{"taxonomy":"category","embeddable":true,"href":"https:\/\/portalnewsgta.com.br\/index.php\/wp-json\/wp\/v2\/categories?post=46677"},{"taxonomy":"post_tag","embeddable":true,"href":"https:\/\/portalnewsgta.com.br\/index.php\/wp-json\/wp\/v2\/tags?post=46677"}],"curies":[{"name":"wp","href":"https:\/\/api.w.org\/{rel}","templated":true}]}}