{"id":46087,"date":"2025-02-16T12:19:38","date_gmt":"2025-02-16T15:19:38","guid":{"rendered":"https:\/\/portalnewsgta.com.br\/?p=46087"},"modified":"2025-02-16T12:19:38","modified_gmt":"2025-02-16T15:19:38","slug":"musk-reage-a-publicacao-sobre-impeachment-de-lula-e-flavio-bolsonaro","status":"publish","type":"post","link":"https:\/\/portalnewsgta.com.br\/index.php\/2025\/02\/16\/musk-reage-a-publicacao-sobre-impeachment-de-lula-e-flavio-bolsonaro\/","title":{"rendered":"Musk reage \u00e0 publica\u00e7\u00e3o sobre impeachment de Lula e Fl\u00e1vio Bolsonaro"},"content":{"rendered":"<header class=\"col-xs-12 col-sm-12 col-md-12 col-lg-12\">\n<div class=\"row\">\n<div id=\"social-line-right\" class=\"col-xs-12 col-sm-12 col-md-12 col-lg-12 mb15\"><\/div>\n<\/div>\n<\/header>\n<div class=\"col-xs-12 col-sm-12 col-md-12 col-lg-12 mb10\">\n<div class=\"row\"><\/div>\n<\/div>\n<div class=\"col-xs-12 col-sm-12 col-md-12 col-lg-12 mb30\">\n<p class=\"credito-1\">Reprodu\u00e7\u00e3o<\/p>\n<p><span class=\"img-conteudo pull-left\"><a href=\"https:\/\/www.gazetadigital.com.br\/storage\/webdisco\/2022\/04\/25\/1200x900\/6ae4b6eb2d118635a62bdca6aa780bb9.jpg\" data-fancybox=\"gallery\" data-caption=\"Reprodu\u00e7\u00e3o\"><img decoding=\"async\" src=\"https:\/\/www.gazetadigital.com.br\/storage\/webdisco\/2022\/04\/25\/431x285\/6ae4b6eb2d118635a62bdca6aa780bb9.jpg\" alt=\"Reprodu\u00e7\u00e3o\" \/><\/a><\/span><\/p>\n<p class=\"img-conteudo-desc\">\n<p><img decoding=\"async\" class=\"pull-left img-responsive\" src=\"https:\/\/www.gazetadigital.com.br\/storage\/webdisco\/2018\/09\/11\/120x80\/c10c88c6ae9ade049b00d53e2c1493c8.jpg\" alt=\"\" \/><\/p>\n<div id=\"text-content\" class=\"mb20\">\n<p>O chefe do Departamento de Efici\u00eancia Governamental dos Estados Unidos, Elon Musk, compartilhou em sua conta oficial no X, rede social da qual \u00e9 dono, a publica\u00e7\u00e3o de um usu\u00e1rio sobre a mobiliza\u00e7\u00e3o da direita brasileira na organiza\u00e7\u00e3o de atos de rua pelo impeachment do presidente Luiz In\u00e1cio Lula da Silva (PT).<\/p>\n<p>&nbsp;<\/p>\n<p>O post do bilion\u00e1rio, que j\u00e1 soma 13,7 milh\u00f5es de visualiza\u00e7\u00f5es, foi compartilhado por aliados do ex-presidente Jair Bolsonaro que tentam impulsionar o alcance das manifesta\u00e7\u00f5es contra o atual governo.<\/p>\n<p>&nbsp;<\/p>\n<p>Musk compartilhou a postagem de um usu\u00e1rio do X que faz men\u00e7\u00e3o a uma \u201conda nacional de protestos\u201d em mais de 120 cidades brasileiras. As manifesta\u00e7\u00f5es est\u00e3o previstas para ocorrer no pr\u00f3ximo dia 16.<\/p>\n<p>&nbsp;<\/p>\n<p>De acordo com o autor do post, que acompanha fotos das manifesta\u00e7\u00f5es de 2016 pelo impeachment da ex-presidente Dilma Rousseff (PT), \u201co movimento est\u00e1 ganhando tra\u00e7\u00e3o pelo Brasil gra\u00e7as aos crescentes sinais de oposi\u00e7\u00e3o ao governo (Lula)\u201d.<\/p>\n<p>&nbsp;<\/p>\n<p>A oposi\u00e7\u00e3o ao governo passou a defender mais enfaticamente o impeachment de Lula em posts no X ap\u00f3s a mais recente pesquisa Datafolha, divulgada nesta sexta-feira, 14, que mostrou que o governo Lula tem 24% de aprova\u00e7\u00e3o e 41% de rejei\u00e7\u00e3o.<\/p>\n<p>&nbsp;<\/p>\n<p>O autor do post original ainda afirmou que os manifestantes est\u00e3o se organizando contra o que eles acreditam ser uma \u201ceros\u00e3o da democracia\u201d no Brasil sob a lideran\u00e7a de Lula. Esse \u00e9 o mesmo discurso que parlamentares bolsonaristas reproduziram em comitivas internacionais e no encontro nesta semana com o relator para a liberdade de express\u00e3o da Comiss\u00e3o Interamericana de Direitos Humanos, Pedro Vaca.<\/p>\n<p>&nbsp;<\/p>\n<p>Ao republicar a postagem, Musk comentou \u201cWow\u201d, em alus\u00e3o \u00e0 grandeza dos atos prometidos pela direita brasileira. No entanto, as mais recentes manifesta\u00e7\u00f5es convocadas por pol\u00edticos bolsonaristas, como a do in\u00edcio deste ano em apoio \u00e0 posse do presidente norte-americano Donald Trump, n\u00e3o teve tra\u00e7\u00e3o prometida e atra\u00edram poucas pessoas para as ruas em compara\u00e7\u00e3o a atos passados.<\/p>\n<p>&nbsp;<\/p>\n<p>O post de Musk foi compartilhado pelo senador Fl\u00e1vio Bolsonaro (PL-RJ) com um coment\u00e1rio de convoca\u00e7\u00e3o dos seus apoiadores a estarem presentes na rua na data marcada para os atos. O parlamentar ainda comentou na publica\u00e7\u00e3o do secret\u00e1rio norte-americano que o dia 16 de mar\u00e7o ser\u00e1 hist\u00f3rico.<\/p>\n<\/div>\n<\/div>\n","protected":false},"excerpt":{"rendered":"<p>Reprodu\u00e7\u00e3o O chefe do Departamento de Efici\u00eancia Governamental dos Estados Unidos, Elon Musk, compartilhou em<\/p>\n","protected":false},"author":2,"featured_media":46088,"comment_status":"open","ping_status":"open","sticky":false,"template":"","format":"standard","meta":{"footnotes":""},"categories":[13,2],"tags":[777],"aioseo_notices":[],"_links":{"self":[{"href":"https:\/\/portalnewsgta.com.br\/index.php\/wp-json\/wp\/v2\/posts\/46087"}],"collection":[{"href":"https:\/\/portalnewsgta.com.br\/index.php\/wp-json\/wp\/v2\/posts"}],"about":[{"href":"https:\/\/portalnewsgta.com.br\/index.php\/wp-json\/wp\/v2\/types\/post"}],"author":[{"embeddable":true,"href":"https:\/\/portalnewsgta.com.br\/index.php\/wp-json\/wp\/v2\/users\/2"}],"replies":[{"embeddable":true,"href":"https:\/\/portalnewsgta.com.br\/index.php\/wp-json\/wp\/v2\/comments?post=46087"}],"version-history":[{"count":1,"href":"https:\/\/portalnewsgta.com.br\/index.php\/wp-json\/wp\/v2\/posts\/46087\/revisions"}],"predecessor-version":[{"id":46089,"href":"https:\/\/portalnewsgta.com.br\/index.php\/wp-json\/wp\/v2\/posts\/46087\/revisions\/46089"}],"wp:featuredmedia":[{"embeddable":true,"href":"https:\/\/portalnewsgta.com.br\/index.php\/wp-json\/wp\/v2\/media\/46088"}],"wp:attachment":[{"href":"https:\/\/portalnewsgta.com.br\/index.php\/wp-json\/wp\/v2\/media?parent=46087"}],"wp:term":[{"taxonomy":"category","embeddable":true,"href":"https:\/\/portalnewsgta.com.br\/index.php\/wp-json\/wp\/v2\/categories?post=46087"},{"taxonomy":"post_tag","embeddable":true,"href":"https:\/\/portalnewsgta.com.br\/index.php\/wp-json\/wp\/v2\/tags?post=46087"}],"curies":[{"name":"wp","href":"https:\/\/api.w.org\/{rel}","templated":true}]}}