{"id":46084,"date":"2025-02-16T12:18:11","date_gmt":"2025-02-16T15:18:11","guid":{"rendered":"https:\/\/portalnewsgta.com.br\/?p=46084"},"modified":"2025-02-16T12:18:11","modified_gmt":"2025-02-16T15:18:11","slug":"nao-me-arrependo-da-escolha-afirma-o-governador-mauro-mendes-sobre-troca-do-vlt","status":"publish","type":"post","link":"https:\/\/portalnewsgta.com.br\/index.php\/2025\/02\/16\/nao-me-arrependo-da-escolha-afirma-o-governador-mauro-mendes-sobre-troca-do-vlt\/","title":{"rendered":"\u2018N\u00e3o me arrependo da escolha\u2019, afirma o governador Mauro Mendes sobre troca do VLT"},"content":{"rendered":"<div class=\"col-xs-12 col-sm-12 col-md-12 col-lg-12 mb10\">\n<div class=\"row\">\n<div class=\"col-xs-12 col-sm-12 col-md-12 col-lg-12 mb15\">\n<div class=\"row\">\n<div class=\"col-xs-12 col-sm-11 col-md-11 col-lg-11 autorer\"><span class=\"autores_fontes_nome\">B\u00e1rbara S\u00e1<\/span><\/p>\n<p class=\"autores_fontes_email\">redacao@gazetadigital.com.br<\/p>\n<\/div>\n<\/div>\n<\/div>\n<\/div>\n<\/div>\n<div class=\"col-xs-12 col-sm-12 col-md-12 col-lg-12 mb30\">\n<p class=\"credito-1\">Allan Mesquita<\/p>\n<p><span class=\"img-conteudo pull-left\"><a href=\"https:\/\/www.gazetadigital.com.br\/storage\/webdisco\/2025\/02\/03\/1200x900\/eb2825d582def321b164022c07837aeb.jpg\" data-fancybox=\"gallery\" data-caption=\"Allan Mesquita\"><img decoding=\"async\" src=\"https:\/\/www.gazetadigital.com.br\/storage\/webdisco\/2025\/02\/03\/431x285\/eb2825d582def321b164022c07837aeb.jpg\" alt=\"Allan Mesquita\" \/><\/a><\/span><\/p>\n<p class=\"img-conteudo-desc\">\n<div id=\"text-content\" class=\"mb20\">\n<p>Mesmo com atraso nas obras, o governador Mauro Mendes (Uni\u00e3o) afirma n\u00e3o se arrepender de ter trocado o Ve\u00edculo Leve Sobre Trilhos (VLT) pelo Bus Rapid Transit (BRT) e acredita em uma retomada r\u00e1pida dos trabalhos do modal escolhido. &#8220;As obras ser\u00e3o retomadas em breve. A paralisa\u00e7\u00e3o ocorreu por exclusivamente responsabilidade da empresa que foi contratada via processo de licita\u00e7\u00e3o&#8221;, disse. Em entrevista ao Jornal A Gazeta, pontuou: &#8220;A decis\u00e3o continua sendo correta. O desempenho ruim de uma construtora n\u00e3o muda a relev\u00e2ncia e a import\u00e2ncia de uma obra&#8221;.<\/p>\n<p>&nbsp;<\/p>\n<p>O governador levou quatro anos para tomar uma decis\u00e3o sobre o que faria com as obras do VLT, s\u00edmbolo de corrup\u00e7\u00e3o da gest\u00e3o Silval Barbosa (sem partido). A obra passou por auditoria no governo Pedro Taques (sem partido), mas n\u00e3o teve avan\u00e7os. Apenas no segundo mandato, Mendes decidiu trocar o sistema e oficializou a venda dos 40 vag\u00f5es do VLT ao estado da Bahia em julho de 2024, possibilitando o avan\u00e7o do novo sistema de transporte.<\/p>\n<p>&nbsp;<\/p>\n<p>Entre as justificativas apresentadas para a negocia\u00e7\u00e3o, a gest\u00e3o estadual destacou que a venda representou uma economia de 37,5% em cada trem, em compara\u00e7\u00e3o com os valores cobrados pela fabricante Rotem. Al\u00e9m disso, segundo o governo, os recursos obtidos foram direcionados para a implanta\u00e7\u00e3o do BRT e aquisi\u00e7\u00e3o de \u00f4nibus.<\/p>\n<p>&nbsp;<\/p>\n<p>Apesar das promessas, as obras do BRT enfrentam entraves. O Tribunal de Contas do Estado (TCE-MT) apontou atrasos e sugeriu a rescis\u00e3o do contrato com o cons\u00f3rcio respons\u00e1vel pela execu\u00e7\u00e3o dos trabalhos. Diante desse cen\u00e1rio, Mendes afirmou que as negocia\u00e7\u00f5es est\u00e3o em curso para resolver o impasse.<\/p>\n<p>&nbsp;<\/p>\n<p>&#8220;As negocia\u00e7\u00f5es est\u00e3o em curso. E elas v\u00e3o respeitar a legalidade e a defesa do melhor interesse da popula\u00e7\u00e3o da Baixada Cuiabana&#8221;, garantiu o governador.<\/p>\n<p>&nbsp;<\/p>\n<p>O chefe do Executivo estadual negou que a n\u00e3o conclus\u00e3o da obra possa representar preju\u00edzos pol\u00edticos e eleitorais para sua gest\u00e3o, como ocorreu com governadores anteriores. &#8220;As obras ser\u00e3o retomadas em breve. A paralisa\u00e7\u00e3o ocorreu por exclusivamente responsabilidade da empresa que foi contratada via processo de licita\u00e7\u00e3o&#8221;, refor\u00e7ou.<\/p>\n<p>&nbsp;<\/p>\n<p>A troca do VLT pelo BRT foi embasada em um relat\u00f3rio t\u00e9cnico elaborado por um grupo de trabalho do governo estadual em parceria com o Minist\u00e9rio do Desenvolvimento, ainda na gest\u00e3o Bolsonaro. O documento apontava que a alternativa de menor risco seria a conclus\u00e3o do VLT. Questionado se, diante do impasse atual, o BRT estaria se tornando um projeto de alto risco, Mendes negou essa possibilidade.<\/p>\n<p>&nbsp;<\/p>\n<p>&#8220;Na verdade, todo o relat\u00f3rio apontou, de forma inequ\u00edvoca, que a melhor op\u00e7\u00e3o seria o BRT. Um modal mais barato, mais moderno (pois n\u00e3o usa aquelas caten\u00e1rias), com tarifa mais barata ao usu\u00e1rio, com previs\u00e3o mais r\u00e1pida de concluir, com maior possibilidade de se adaptar \u00e0s rotas de tr\u00e2nsito e ao n\u00famero de usu\u00e1rios&#8221;, argumentou.<\/p>\n<p>&nbsp;<\/p>\n<p>O governador voltou a afirmar que a escolha pelo VLT foi baseada em um relat\u00f3rio fraudado e citou investiga\u00e7\u00f5es que condenaram servidores envolvidos no caso. &#8220;O pr\u00f3prio ex-governador confessou que a escolha do modal ocorreu para viabilizar pagamento de propina&#8221;, ressaltou.<\/p>\n<\/div>\n<\/div>\n","protected":false},"excerpt":{"rendered":"<p>B\u00e1rbara S\u00e1 redacao@gazetadigital.com.br Allan Mesquita Mesmo com atraso nas obras, o governador Mauro Mendes (Uni\u00e3o)<\/p>\n","protected":false},"author":2,"featured_media":46085,"comment_status":"open","ping_status":"open","sticky":false,"template":"","format":"standard","meta":{"footnotes":""},"categories":[13,2],"tags":[138],"aioseo_notices":[],"_links":{"self":[{"href":"https:\/\/portalnewsgta.com.br\/index.php\/wp-json\/wp\/v2\/posts\/46084"}],"collection":[{"href":"https:\/\/portalnewsgta.com.br\/index.php\/wp-json\/wp\/v2\/posts"}],"about":[{"href":"https:\/\/portalnewsgta.com.br\/index.php\/wp-json\/wp\/v2\/types\/post"}],"author":[{"embeddable":true,"href":"https:\/\/portalnewsgta.com.br\/index.php\/wp-json\/wp\/v2\/users\/2"}],"replies":[{"embeddable":true,"href":"https:\/\/portalnewsgta.com.br\/index.php\/wp-json\/wp\/v2\/comments?post=46084"}],"version-history":[{"count":1,"href":"https:\/\/portalnewsgta.com.br\/index.php\/wp-json\/wp\/v2\/posts\/46084\/revisions"}],"predecessor-version":[{"id":46086,"href":"https:\/\/portalnewsgta.com.br\/index.php\/wp-json\/wp\/v2\/posts\/46084\/revisions\/46086"}],"wp:featuredmedia":[{"embeddable":true,"href":"https:\/\/portalnewsgta.com.br\/index.php\/wp-json\/wp\/v2\/media\/46085"}],"wp:attachment":[{"href":"https:\/\/portalnewsgta.com.br\/index.php\/wp-json\/wp\/v2\/media?parent=46084"}],"wp:term":[{"taxonomy":"category","embeddable":true,"href":"https:\/\/portalnewsgta.com.br\/index.php\/wp-json\/wp\/v2\/categories?post=46084"},{"taxonomy":"post_tag","embeddable":true,"href":"https:\/\/portalnewsgta.com.br\/index.php\/wp-json\/wp\/v2\/tags?post=46084"}],"curies":[{"name":"wp","href":"https:\/\/api.w.org\/{rel}","templated":true}]}}