{"id":45914,"date":"2025-02-15T16:52:42","date_gmt":"2025-02-15T19:52:42","guid":{"rendered":"https:\/\/portalnewsgta.com.br\/?p=45914"},"modified":"2025-02-15T16:52:42","modified_gmt":"2025-02-15T19:52:42","slug":"sema-apreende-carro-e-pescado-irregular-em-paranaita","status":"publish","type":"post","link":"https:\/\/portalnewsgta.com.br\/index.php\/2025\/02\/15\/sema-apreende-carro-e-pescado-irregular-em-paranaita\/","title":{"rendered":"Sema apreende carro e pescado irregular em Parana\u00edta"},"content":{"rendered":"<div class=\"td_block_wrap tdb_single_featured_image tdi_53 tdb-content-horiz-left td-pb-border-top td_block_template_1\" data-td-block-uid=\"tdi_53\">\n<div class=\"tdb-block-inner td-fix-index\">\n<figure><figcaption class=\"tdb-caption-text\">Foto: Divulga\u00e7\u00e3o<\/figcaption><\/figure>\n<\/div>\n<\/div>\n<div class=\"td_block_wrap tdb_single_content tdi_54 td-pb-border-top td_block_template_1 td-post-content tagdiv-type\" data-td-block-uid=\"tdi_54\">\n<div class=\"tdb-block-inner td-fix-index\">\n<p>Fiscais da Unidade Regional da Sema com apoio da Pol\u00edcia Militar apreendeu pelo menos 25 quilos de pescado irregular na zona rural de Parana\u00edta, estrada de acesso \u00e0 conhecida Gleba Mandacaru. Dois homens foram abordados no carro em que o peixe era transportado.<\/p>\n<p>O chefe da Sema, Vin\u00edcius Rezek, ao falar do assunto lembrou a Lei em Mato Grosso que \u201cpro\u00edbe o pescador amador o transporte de peixe, exceto esp\u00e9cies ex\u00f3ticas como o Pirarucu e Tambaqui, e se a pessoa tiver carteira de pesca. Quem pode transportar o peixe \u00e9 somente o profissional e dentro das limita\u00e7\u00f5es estabelecidas por Lei\u201d, lembrou.<\/p>\n<p>Na abordagem feita na quarta-feira final da tarde foram apreendidos pelo menos 25 quilos de peixe, esp\u00e9cies como Piau, Pacu peva, barbado, piranha, entre outras. \u201cO pescador amador pode pescar e consumir no rio ou at\u00e9 500 metros e respeitando medidas\u201d, lembrou o chefe da Sema revelando que al\u00e9m do ve\u00edculo apreendido, o dono do carro poder\u00e1 responder por crime ambiental.<\/p>\n<\/div>\n<\/div>\n","protected":false},"excerpt":{"rendered":"<p>Foto: Divulga\u00e7\u00e3o Fiscais da Unidade Regional da Sema com apoio da Pol\u00edcia Militar apreendeu pelo<\/p>\n","protected":false},"author":2,"featured_media":45915,"comment_status":"open","ping_status":"open","sticky":false,"template":"","format":"standard","meta":{"footnotes":""},"categories":[7,13],"tags":[],"aioseo_notices":[],"_links":{"self":[{"href":"https:\/\/portalnewsgta.com.br\/index.php\/wp-json\/wp\/v2\/posts\/45914"}],"collection":[{"href":"https:\/\/portalnewsgta.com.br\/index.php\/wp-json\/wp\/v2\/posts"}],"about":[{"href":"https:\/\/portalnewsgta.com.br\/index.php\/wp-json\/wp\/v2\/types\/post"}],"author":[{"embeddable":true,"href":"https:\/\/portalnewsgta.com.br\/index.php\/wp-json\/wp\/v2\/users\/2"}],"replies":[{"embeddable":true,"href":"https:\/\/portalnewsgta.com.br\/index.php\/wp-json\/wp\/v2\/comments?post=45914"}],"version-history":[{"count":1,"href":"https:\/\/portalnewsgta.com.br\/index.php\/wp-json\/wp\/v2\/posts\/45914\/revisions"}],"predecessor-version":[{"id":45916,"href":"https:\/\/portalnewsgta.com.br\/index.php\/wp-json\/wp\/v2\/posts\/45914\/revisions\/45916"}],"wp:featuredmedia":[{"embeddable":true,"href":"https:\/\/portalnewsgta.com.br\/index.php\/wp-json\/wp\/v2\/media\/45915"}],"wp:attachment":[{"href":"https:\/\/portalnewsgta.com.br\/index.php\/wp-json\/wp\/v2\/media?parent=45914"}],"wp:term":[{"taxonomy":"category","embeddable":true,"href":"https:\/\/portalnewsgta.com.br\/index.php\/wp-json\/wp\/v2\/categories?post=45914"},{"taxonomy":"post_tag","embeddable":true,"href":"https:\/\/portalnewsgta.com.br\/index.php\/wp-json\/wp\/v2\/tags?post=45914"}],"curies":[{"name":"wp","href":"https:\/\/api.w.org\/{rel}","templated":true}]}}