{"id":45911,"date":"2025-02-15T16:51:59","date_gmt":"2025-02-15T19:51:59","guid":{"rendered":"https:\/\/portalnewsgta.com.br\/?p=45911"},"modified":"2025-02-15T16:51:59","modified_gmt":"2025-02-15T19:51:59","slug":"nova-bandeirantes-mt-obtem-reconhecimento-federal-de-situacao-de-emergencia-devido-a-fortes-chuvas","status":"publish","type":"post","link":"https:\/\/portalnewsgta.com.br\/index.php\/2025\/02\/15\/nova-bandeirantes-mt-obtem-reconhecimento-federal-de-situacao-de-emergencia-devido-a-fortes-chuvas\/","title":{"rendered":"Nova Bandeirantes (MT) obt\u00e9m reconhecimento federal de situa\u00e7\u00e3o de emerg\u00eancia devido a fortes chuvas"},"content":{"rendered":"<div class=\"td_block_wrap tdb_single_featured_image tdi_53 tdb-content-horiz-left td-pb-border-top td_block_template_1\" data-td-block-uid=\"tdi_53\">\n<div class=\"tdb-block-inner td-fix-index\">\n<figure><figcaption class=\"tdb-caption-text\">Foto: Prefeitura de Nova Bandeirantes<\/figcaption><\/figure>\n<\/div>\n<\/div>\n<div class=\"td_block_wrap tdb_single_content tdi_54 td-pb-border-top td_block_template_1 td-post-content tagdiv-type\" data-td-block-uid=\"tdi_54\">\n<div class=\"tdb-block-inner td-fix-index\">\n<p data-pm-slice=\"0 0 []\" data-prosemirror-content-type=\"node\" data-prosemirror-node-block=\"true\" data-prosemirror-node-name=\"paragraph\">O Minist\u00e9rio da Integra\u00e7\u00e3o e do Desenvolvimento Regional (MIDR), por meio da Defesa Civil Nacional, reconheceu, ontem sexta-feira (14), a situa\u00e7\u00e3o de emerg\u00eancia na cidade de Nova Bandeirantes, em Mato Grosso, castigada por fortes chuvas. A portaria com o reconhecimento foi publicada no Di\u00e1rio Oficial da Uni\u00e3o (DOU). Confira mais detalhes abaixo.<\/p>\n<p data-prosemirror-content-type=\"node\" data-prosemirror-node-block=\"true\" data-prosemirror-node-name=\"paragraph\"><a title=\"\" href=\"http:\/\/www.in.gov.br\/en\/web\/dou\/-\/portaria-n-434-de-13-de-fevereiro-de-2025-612628405\" target=\"_blank\" rel=\"noopener\" data-tippreview-enabled=\"false\" data-tippreview-image=\"\" data-tippreview-title=\"\">Portaria n\u00ba 434<\/a><\/p>\n<p data-prosemirror-content-type=\"node\" data-prosemirror-node-block=\"true\" data-prosemirror-node-name=\"paragraph\">Agora, a prefeitura\u00a0j\u00e1 pode solicitar recursos do Governo Federal para a\u00e7\u00f5es de defesa civil, como compra de cestas b\u00e1sicas, \u00e1gua mineral, refei\u00e7\u00e3o para trabalhadores e volunt\u00e1rios, kits de limpeza de resid\u00eancia, higiene pessoal e dormit\u00f3rio, entre outros.<\/p>\n<p data-prosemirror-content-type=\"node\" data-prosemirror-node-block=\"true\" data-prosemirror-node-name=\"paragraph\">At\u00e9 o momento, o Mato Grosso tem 131 reconhecimentos vigentes, dos quais 118 por inc\u00eandios florestais, cinco por inunda\u00e7\u00f5es, cinco por chuvas intensas e tr\u00eas por estiagem.<\/p>\n<p data-prosemirror-content-type=\"node\" data-prosemirror-node-block=\"true\" data-prosemirror-node-name=\"paragraph\"><strong data-prosemirror-content-type=\"mark\" data-prosemirror-mark-name=\"strong\">Como solicitar recursos<\/strong><\/p>\n<p data-prosemirror-content-type=\"node\" data-prosemirror-node-block=\"true\" data-prosemirror-node-name=\"paragraph\">Cidades com o reconhecimento federal de situa\u00e7\u00e3o de emerg\u00eancia ou de estado de calamidade p\u00fablica podem solicitar ao MIDR recursos para a\u00e7\u00f5es de defesa civil. A solicita\u00e7\u00e3o pelos munic\u00edpios em situa\u00e7\u00e3o de emerg\u00eancia deve ser feita por meio do\u00a0<a title=\"\" href=\"http:\/\/s2id.mi.gov.br\/\" target=\"_blank\" rel=\"noopener\" data-prosemirror-content-type=\"mark\" data-prosemirror-mark-name=\"link\" data-tippreview-enabled=\"false\" data-tippreview-image=\"\" data-tippreview-title=\"\">Sistema Integrado de Informa\u00e7\u00f5es sobre Desastres (S2iD)<\/a>. Com base nas informa\u00e7\u00f5es enviadas nos planos de trabalho, a equipe t\u00e9cnica da Defesa Civil Nacional avalia as metas e os valores solicitados. Com a aprova\u00e7\u00e3o, \u00e9 publicada portaria no DOU com o valor a ser liberado.<\/p>\n<p data-prosemirror-content-type=\"node\" data-prosemirror-node-block=\"true\" data-prosemirror-node-name=\"paragraph\">Fonte: MIDR<\/p>\n<\/div>\n<\/div>\n","protected":false},"excerpt":{"rendered":"<p>Foto: Prefeitura de Nova Bandeirantes O Minist\u00e9rio da Integra\u00e7\u00e3o e do Desenvolvimento Regional (MIDR), por<\/p>\n","protected":false},"author":2,"featured_media":45912,"comment_status":"open","ping_status":"open","sticky":false,"template":"","format":"standard","meta":{"footnotes":""},"categories":[7,13],"tags":[],"aioseo_notices":[],"_links":{"self":[{"href":"https:\/\/portalnewsgta.com.br\/index.php\/wp-json\/wp\/v2\/posts\/45911"}],"collection":[{"href":"https:\/\/portalnewsgta.com.br\/index.php\/wp-json\/wp\/v2\/posts"}],"about":[{"href":"https:\/\/portalnewsgta.com.br\/index.php\/wp-json\/wp\/v2\/types\/post"}],"author":[{"embeddable":true,"href":"https:\/\/portalnewsgta.com.br\/index.php\/wp-json\/wp\/v2\/users\/2"}],"replies":[{"embeddable":true,"href":"https:\/\/portalnewsgta.com.br\/index.php\/wp-json\/wp\/v2\/comments?post=45911"}],"version-history":[{"count":1,"href":"https:\/\/portalnewsgta.com.br\/index.php\/wp-json\/wp\/v2\/posts\/45911\/revisions"}],"predecessor-version":[{"id":45913,"href":"https:\/\/portalnewsgta.com.br\/index.php\/wp-json\/wp\/v2\/posts\/45911\/revisions\/45913"}],"wp:featuredmedia":[{"embeddable":true,"href":"https:\/\/portalnewsgta.com.br\/index.php\/wp-json\/wp\/v2\/media\/45912"}],"wp:attachment":[{"href":"https:\/\/portalnewsgta.com.br\/index.php\/wp-json\/wp\/v2\/media?parent=45911"}],"wp:term":[{"taxonomy":"category","embeddable":true,"href":"https:\/\/portalnewsgta.com.br\/index.php\/wp-json\/wp\/v2\/categories?post=45911"},{"taxonomy":"post_tag","embeddable":true,"href":"https:\/\/portalnewsgta.com.br\/index.php\/wp-json\/wp\/v2\/tags?post=45911"}],"curies":[{"name":"wp","href":"https:\/\/api.w.org\/{rel}","templated":true}]}}