{"id":45866,"date":"2025-02-15T14:44:34","date_gmt":"2025-02-15T17:44:34","guid":{"rendered":"https:\/\/portalnewsgta.com.br\/index.php\/2025\/02\/15\/neymar-da-susto-em-torcedores-ao-surgir-deitado-com-inalador\/"},"modified":"2025-02-15T14:44:34","modified_gmt":"2025-02-15T17:44:34","slug":"neymar-da-susto-em-torcedores-ao-surgir-deitado-com-inalador","status":"publish","type":"post","link":"https:\/\/portalnewsgta.com.br\/index.php\/2025\/02\/15\/neymar-da-susto-em-torcedores-ao-surgir-deitado-com-inalador\/","title":{"rendered":"Neymar d\u00e1 susto em torcedores ao surgir deitado com inalador"},"content":{"rendered":"<p>Na manh\u00e3 deste s\u00e1bado (15), Neymar Jr. publicou uma foto em preto e branco nos stories de seu Instagram, onde aparece deitado e fazendo inala\u00e7\u00e3o. O jogador, que retornou recentemente ao Santos Futebol Clube ap\u00f3s passagem pelo Al-Hilal, n\u00e3o revelou o motivo do procedimento. Neymar disputou sua terceira partida pelo clube na \u00faltima quarta-feira (12), contra o Corinthians, onde foi titular pela segunda vez. O Santos acabou derrotado por 2 a 1. Horas ap\u00f3s o jogo, o atleta publicou outro registro, desta vez na academia, acompanhado da palavra &#8220;Trabalho&#8221;.<\/p>\n<div class=\"dummyPub\">\u00a0<\/div>\n<p>Na \u00faltima quinta-feira (13), Neymar tamb\u00e9m compartilhou momentos ao lado de Mavie, de um ano, sua filha com Bruna Biancardi, que est\u00e1 gr\u00e1vida da segunda filha do casal, Mel. Em um dos registros, o jogador escreveu &#8220;Grude&#8221; enquanto a menina aparecia comendo uma fruta no colo do pai. Neymar frequentemente compartilha momentos em fam\u00edlia com seus seguidores.<\/p>\n<p>Al\u00e9m de Mavie, o jogador \u00e9 pai de Davi Lucca, de 13 anos, fruto de seu relacionamento com Carol Dantas, e Helena, de sete meses, de uma rela\u00e7\u00e3o breve com Amanda Kimberlly.<\/p>\n<p>Leia Tamb\u00e9m: <a href=\"https:\/\/www.noticiasaominuto.com.br\/esporte\/2260117\/filipinho-se-choca-com-fotografo-em-onda-e-sai-revoltado\" target=\"_blank\" rel=\"noopener\">Filipinho se choca com fot\u00f3grafo em onda e sai revoltado<\/a><\/p>\n<p>Fonte: noticiasaominuto.com.br<\/p>\n","protected":false},"excerpt":{"rendered":"<p>Na manh\u00e3 deste s\u00e1bado (15), Neymar Jr. publicou uma foto em preto e branco nos<\/p>\n","protected":false},"author":0,"featured_media":45867,"comment_status":"open","ping_status":"open","sticky":false,"template":"","format":"standard","meta":{"footnotes":""},"categories":[4],"tags":[],"aioseo_notices":[],"_links":{"self":[{"href":"https:\/\/portalnewsgta.com.br\/index.php\/wp-json\/wp\/v2\/posts\/45866"}],"collection":[{"href":"https:\/\/portalnewsgta.com.br\/index.php\/wp-json\/wp\/v2\/posts"}],"about":[{"href":"https:\/\/portalnewsgta.com.br\/index.php\/wp-json\/wp\/v2\/types\/post"}],"replies":[{"embeddable":true,"href":"https:\/\/portalnewsgta.com.br\/index.php\/wp-json\/wp\/v2\/comments?post=45866"}],"version-history":[{"count":0,"href":"https:\/\/portalnewsgta.com.br\/index.php\/wp-json\/wp\/v2\/posts\/45866\/revisions"}],"wp:featuredmedia":[{"embeddable":true,"href":"https:\/\/portalnewsgta.com.br\/index.php\/wp-json\/wp\/v2\/media\/45867"}],"wp:attachment":[{"href":"https:\/\/portalnewsgta.com.br\/index.php\/wp-json\/wp\/v2\/media?parent=45866"}],"wp:term":[{"taxonomy":"category","embeddable":true,"href":"https:\/\/portalnewsgta.com.br\/index.php\/wp-json\/wp\/v2\/categories?post=45866"},{"taxonomy":"post_tag","embeddable":true,"href":"https:\/\/portalnewsgta.com.br\/index.php\/wp-json\/wp\/v2\/tags?post=45866"}],"curies":[{"name":"wp","href":"https:\/\/api.w.org\/{rel}","templated":true}]}}